{"id":34748,"date":"2026-09-03T21:35:58","date_gmt":"2026-09-04T00:35:58","guid":{"rendered":"https:\/\/acontecenafronteira.com.br\/?p=34748"},"modified":"2026-09-03T21:35:58","modified_gmt":"2026-09-04T00:35:58","slug":"parana-tem-261-denuncias-de-violencia-obstetrica-em-4-anos","status":"publish","type":"post","link":"https:\/\/acontecenafronteira.com.br\/index.php\/2026\/09\/03\/parana-tem-261-denuncias-de-violencia-obstetrica-em-4-anos\/","title":{"rendered":"Paran\u00e1 tem 261 den\u00fancias de viol\u00eancia obst\u00e9trica em 4 anos"},"content":{"rendered":"<p>O estado do Paran\u00e1 contabilizou 261 registros de <strong>viol\u00eancia obst\u00e9trica<\/strong> em um per\u00edodo de quatro anos, abrangendo 52 munic\u00edpios diferentes, conforme dados divulgados recentemente.<\/p>\n<h2>Panorama dos atendimentos na Defensoria<\/h2>\n<p>A Defensoria P\u00fablica do Estado do Paran\u00e1 (DPE-PR) foi o \u00f3rg\u00e3o respons\u00e1vel por compilar essas ocorr\u00eancias, coletadas entre os meses de outubro de 2022 e agosto do ano corrente.<\/p>\n<h2>Distribui\u00e7\u00e3o dos casos pelo estado<\/h2>\n<p>As queixas chegaram de mais de meia centena de cidades paranaenses, evidenciando que a problem\u00e1tica afeta tanto grandes centros urbanos quanto regi\u00f5es do interior, exigindo aten\u00e7\u00e3o constante das autoridades competentes e dos \u00f3rg\u00e3os de prote\u00e7\u00e3o aos direitos das gestantes.<\/p>\n<p>Esses n\u00fameros acendem um alerta importante sobre a qualidade do atendimento \u00e0 sa\u00fade materno-infantil na rede p\u00fablica e privada de sa\u00fade, refor\u00e7ando a necessidade de conscientiza\u00e7\u00e3o e fiscaliza\u00e7\u00e3o rigorosa nos hospitais e maternidades.<\/p>\n<p>Por Reda\u00e7\u00e3o Acontece<\/p>\n<p>Cr\u00e9ditos da imagem: Banco de Imagens \/ Ilustrativa<\/p>\n","protected":false},"excerpt":{"rendered":"<p>O estado do Paran\u00e1 contabilizou 261 registros de viol\u00eancia obst\u00e9trica em um per\u00edodo de quatro anos, abrangendo 52 munic\u00edpios diferentes, conforme dados divulgados recentemente. Panorama dos atendimentos na Defensoria A Defensoria P\u00fablica do Estado do Paran\u00e1 (DPE-PR) foi o \u00f3rg\u00e3o respons\u00e1vel por compilar essas ocorr\u00eancias, coletadas entre os meses de outubro de 2022 e agosto [&hellip;]<\/p>\n","protected":false},"author":0,"featured_media":34754,"comment_status":"open","ping_status":"open","sticky":false,"template":"","format":"standard","meta":{"footnotes":""},"categories":[18],"tags":[],"class_list":["post-34748","post","type-post","status-publish","format-standard","has-post-thumbnail","hentry","category-parana"],"_links":{"self":[{"href":"https:\/\/acontecenafronteira.com.br\/index.php\/wp-json\/wp\/v2\/posts\/34748","targetHints":{"allow":["GET"]}}],"collection":[{"href":"https:\/\/acontecenafronteira.com.br\/index.php\/wp-json\/wp\/v2\/posts"}],"about":[{"href":"https:\/\/acontecenafronteira.com.br\/index.php\/wp-json\/wp\/v2\/types\/post"}],"replies":[{"embeddable":true,"href":"https:\/\/acontecenafronteira.com.br\/index.php\/wp-json\/wp\/v2\/comments?post=34748"}],"version-history":[{"count":1,"href":"https:\/\/acontecenafronteira.com.br\/index.php\/wp-json\/wp\/v2\/posts\/34748\/revisions"}],"predecessor-version":[{"id":34753,"href":"https:\/\/acontecenafronteira.com.br\/index.php\/wp-json\/wp\/v2\/posts\/34748\/revisions\/34753"}],"wp:featuredmedia":[{"embeddable":true,"href":"https:\/\/acontecenafronteira.com.br\/index.php\/wp-json\/wp\/v2\/media\/34754"}],"wp:attachment":[{"href":"https:\/\/acontecenafronteira.com.br\/index.php\/wp-json\/wp\/v2\/media?parent=34748"}],"wp:term":[{"taxonomy":"category","embeddable":true,"href":"https:\/\/acontecenafronteira.com.br\/index.php\/wp-json\/wp\/v2\/categories?post=34748"},{"taxonomy":"post_tag","embeddable":true,"href":"https:\/\/acontecenafronteira.com.br\/index.php\/wp-json\/wp\/v2\/tags?post=34748"}],"curies":[{"name":"wp","href":"https:\/\/api.w.org\/{rel}","templated":true}]}}