{"id":34738,"date":"2026-09-03T20:37:24","date_gmt":"2026-09-03T23:37:24","guid":{"rendered":"https:\/\/acontecenafronteira.com.br\/?p=34738"},"modified":"2026-09-03T20:37:24","modified_gmt":"2026-09-03T23:37:24","slug":"lula-quebra-silencio-sobre-crise-no-stf-em-video-oficial","status":"publish","type":"post","link":"https:\/\/acontecenafronteira.com.br\/index.php\/2026\/09\/03\/lula-quebra-silencio-sobre-crise-no-stf-em-video-oficial\/","title":{"rendered":"Lula quebra sil\u00eancio sobre crise no STF em v\u00eddeo oficial"},"content":{"rendered":"<p>O presidente Luiz In\u00e1cio Lula da Silva quebrou o sil\u00eancio nesta quinta-feira (3\/9) e gravou um pronunciamento em v\u00eddeo para abordar a recente crise institucional instaurada no Supremo Tribunal Federal.<\/p>\n<h2>Impacto do relat\u00f3rio da Pol\u00edcia Federal<\/h2>\n<p>A manifesta\u00e7\u00e3o do chefe do Executivo ocorre logo ap\u00f3s a revela\u00e7\u00e3o de um documento da Pol\u00edcia Federal que aponta intera\u00e7\u00f5es entre o ministro Alexandre de Moraes e o banqueiro Daniel Vorcaro, propriet\u00e1rio do Banco Master.<\/p>\n<p>Este \u00e9 o primeiro posicionamento p\u00fablico do Pal\u00e1cio Planalto a respeito das investiga\u00e7\u00f5es que sacodem o Poder Judici\u00e1rio brasileiro.<\/p>\n<h2>Estrat\u00e9gia pol\u00edtica e tom presidencial<\/h2>\n<p>Nos bastidores pol\u00edticos, assessores pr\u00f3ximos recomendaram que o mandat\u00e1rio mantenha cautela e distanciamento do imbr\u00f3glio para proteger sua futura campanha de reelei\u00e7\u00e3o contra danos colaterais.<\/p>\n<p>A grava\u00e7\u00e3o evita citar diretamente qualquer magistrado da mais alta Corte do pa\u00eds, embora aborde de maneira direta o esc\u00e2ndalo financeiro e a turbul\u00eancia jur\u00eddica.<\/p>\n<h2>Perfil institucional da mensagem<\/h2>\n<p>Para mitigar desgastes eleitorais, o discurso adotado pelo l\u00edder brasileiro prioriza a sobriedade e a postura de Estado, distanciando-se de ataques partid\u00e1rios e focando na estabilidade institucional.<\/p>\n<p>A divulga\u00e7\u00e3o do material marca uma nova etapa na gest\u00e3o da crise pol\u00edtica que afeta os tr\u00eas poderes da Rep\u00fablica, enquanto desdobramentos continuam sendo monitorados em Bras\u00edlia.<\/p>\n<p>Por Reda\u00e7\u00e3o Acontece<\/p>\n<p>Cr\u00e9ditos da imagem: Reprodu\u00e7\u00e3o \/ Ag\u00eancia Brasil<\/p>\n","protected":false},"excerpt":{"rendered":"<p>O presidente Luiz In\u00e1cio Lula da Silva quebrou o sil\u00eancio nesta quinta-feira (3\/9) e gravou um pronunciamento em v\u00eddeo para abordar a recente crise institucional instaurada no Supremo Tribunal Federal. Impacto do relat\u00f3rio da Pol\u00edcia Federal A manifesta\u00e7\u00e3o do chefe do Executivo ocorre logo ap\u00f3s a revela\u00e7\u00e3o de um documento da Pol\u00edcia Federal que aponta [&hellip;]<\/p>\n","protected":false},"author":0,"featured_media":34746,"comment_status":"open","ping_status":"open","sticky":false,"template":"","format":"standard","meta":{"footnotes":""},"categories":[6],"tags":[],"class_list":["post-34738","post","type-post","status-publish","format-standard","has-post-thumbnail","hentry","category-mercosul"],"_links":{"self":[{"href":"https:\/\/acontecenafronteira.com.br\/index.php\/wp-json\/wp\/v2\/posts\/34738","targetHints":{"allow":["GET"]}}],"collection":[{"href":"https:\/\/acontecenafronteira.com.br\/index.php\/wp-json\/wp\/v2\/posts"}],"about":[{"href":"https:\/\/acontecenafronteira.com.br\/index.php\/wp-json\/wp\/v2\/types\/post"}],"replies":[{"embeddable":true,"href":"https:\/\/acontecenafronteira.com.br\/index.php\/wp-json\/wp\/v2\/comments?post=34738"}],"version-history":[{"count":1,"href":"https:\/\/acontecenafronteira.com.br\/index.php\/wp-json\/wp\/v2\/posts\/34738\/revisions"}],"predecessor-version":[{"id":34745,"href":"https:\/\/acontecenafronteira.com.br\/index.php\/wp-json\/wp\/v2\/posts\/34738\/revisions\/34745"}],"wp:featuredmedia":[{"embeddable":true,"href":"https:\/\/acontecenafronteira.com.br\/index.php\/wp-json\/wp\/v2\/media\/34746"}],"wp:attachment":[{"href":"https:\/\/acontecenafronteira.com.br\/index.php\/wp-json\/wp\/v2\/media?parent=34738"}],"wp:term":[{"taxonomy":"category","embeddable":true,"href":"https:\/\/acontecenafronteira.com.br\/index.php\/wp-json\/wp\/v2\/categories?post=34738"},{"taxonomy":"post_tag","embeddable":true,"href":"https:\/\/acontecenafronteira.com.br\/index.php\/wp-json\/wp\/v2\/tags?post=34738"}],"curies":[{"name":"wp","href":"https:\/\/api.w.org\/{rel}","templated":true}]}}