{"id":34736,"date":"2026-09-03T20:37:15","date_gmt":"2026-09-03T23:37:15","guid":{"rendered":"https:\/\/acontecenafronteira.com.br\/?p=34736"},"modified":"2026-09-03T20:37:15","modified_gmt":"2026-09-03T23:37:15","slug":"pf-aponta-claudio-castro-como-real-dono-de-imovel-em-petropolis","status":"publish","type":"post","link":"https:\/\/acontecenafronteira.com.br\/index.php\/2026\/09\/03\/pf-aponta-claudio-castro-como-real-dono-de-imovel-em-petropolis\/","title":{"rendered":"PF aponta Cl\u00e1udio Castro como real dono de im\u00f3vel em Petr\u00f3polis"},"content":{"rendered":"<p>A Pol\u00edcia Federal apontou que o ex-governador do Rio de Janeiro, Cl\u00e1udio Castro, exercia controle total sobre uma mans\u00e3o em Petr\u00f3polis, na Regi\u00e3o Serrana, embora a propriedade estivesse registrada formalmente em nome de terceiros.<\/p>\n<h2>Mensagens revelam comando em reformas<\/h2>\n<p>De acordo com relat\u00f3rio enviado ao Supremo Tribunal Federal no \u00e2mbito da Opera\u00e7\u00e3o Sem Refino, o pol\u00edtico acompanhava de perto cada etapa de melhorias no local, incluindo a execu\u00e7\u00e3o do projeto de uma adega climatizada. Os investigadores tiveram acesso a conversas no celular do ex-chefe do Executivo estadual que comprovam a sua participa\u00e7\u00e3o ativa na administra\u00e7\u00e3o do espa\u00e7o.<\/p>\n<p>Em um dos di\u00e1logos interceptados, datado de mar\u00e7o deste ano, Castro cobrou diretamente o andamento dos servi\u00e7os ao questionar um funcion\u00e1rio com a frase <strong>Como t\u00e1 a minha obra<\/strong>. Em resposta, o colaborador detalhou etapas de impermeabiliza\u00e7\u00e3o e acabamento e ainda enviou fotos e or\u00e7amentos para a aprova\u00e7\u00e3o do pol\u00edtico.<\/p>\n<h2>Esquema de oculta\u00e7\u00e3o de patrim\u00f4nio<\/h2>\n<p>O im\u00f3vel de luxo est\u00e1 localizado no Condom\u00ednio Locanda Residenze, na Fazenda Inglesa. Conforme as investiga\u00e7\u00f5es, a resid\u00eancia fazia parte de uma estrat\u00e9gia de blindagem patrimonial associada ao empres\u00e1rio Luiz Fernando Gomes.<\/p>\n<p>Os registros apontam que empresas ligadas a esse empres\u00e1rio faturaram centenas de milh\u00f5es de reais em contratos p\u00fablicos ao longo da gest\u00e3o de Castro. Al\u00e9m disso, metadados de arquivos apreendidos pela pol\u00edcia nomeavam projetos da mans\u00e3o diretamente com o nome do ex-governador, refor\u00e7ando a tese de propriedade oculta.<\/p>\n<p>Por Reda\u00e7\u00e3o Acontece<\/p>\n<p>Cr\u00e9ditos da imagem: Divulga\u00e7\u00e3o \/ Pol\u00edcia Federal<\/p>\n","protected":false},"excerpt":{"rendered":"<p>A Pol\u00edcia Federal apontou que o ex-governador do Rio de Janeiro, Cl\u00e1udio Castro, exercia controle total sobre uma mans\u00e3o em Petr\u00f3polis, na Regi\u00e3o Serrana, embora a propriedade estivesse registrada formalmente em nome de terceiros. Mensagens revelam comando em reformas De acordo com relat\u00f3rio enviado ao Supremo Tribunal Federal no \u00e2mbito da Opera\u00e7\u00e3o Sem Refino, o [&hellip;]<\/p>\n","protected":false},"author":0,"featured_media":34742,"comment_status":"open","ping_status":"open","sticky":false,"template":"","format":"standard","meta":{"footnotes":""},"categories":[6],"tags":[],"class_list":["post-34736","post","type-post","status-publish","format-standard","has-post-thumbnail","hentry","category-mercosul"],"_links":{"self":[{"href":"https:\/\/acontecenafronteira.com.br\/index.php\/wp-json\/wp\/v2\/posts\/34736","targetHints":{"allow":["GET"]}}],"collection":[{"href":"https:\/\/acontecenafronteira.com.br\/index.php\/wp-json\/wp\/v2\/posts"}],"about":[{"href":"https:\/\/acontecenafronteira.com.br\/index.php\/wp-json\/wp\/v2\/types\/post"}],"replies":[{"embeddable":true,"href":"https:\/\/acontecenafronteira.com.br\/index.php\/wp-json\/wp\/v2\/comments?post=34736"}],"version-history":[{"count":1,"href":"https:\/\/acontecenafronteira.com.br\/index.php\/wp-json\/wp\/v2\/posts\/34736\/revisions"}],"predecessor-version":[{"id":34741,"href":"https:\/\/acontecenafronteira.com.br\/index.php\/wp-json\/wp\/v2\/posts\/34736\/revisions\/34741"}],"wp:featuredmedia":[{"embeddable":true,"href":"https:\/\/acontecenafronteira.com.br\/index.php\/wp-json\/wp\/v2\/media\/34742"}],"wp:attachment":[{"href":"https:\/\/acontecenafronteira.com.br\/index.php\/wp-json\/wp\/v2\/media?parent=34736"}],"wp:term":[{"taxonomy":"category","embeddable":true,"href":"https:\/\/acontecenafronteira.com.br\/index.php\/wp-json\/wp\/v2\/categories?post=34736"},{"taxonomy":"post_tag","embeddable":true,"href":"https:\/\/acontecenafronteira.com.br\/index.php\/wp-json\/wp\/v2\/tags?post=34736"}],"curies":[{"name":"wp","href":"https:\/\/api.w.org\/{rel}","templated":true}]}}