{"id":34726,"date":"2026-09-03T20:37:05","date_gmt":"2026-09-03T23:37:05","guid":{"rendered":"https:\/\/acontecenafronteira.com.br\/?p=34726"},"modified":"2026-09-03T20:37:05","modified_gmt":"2026-09-03T23:37:05","slug":"moraes-ve-indicios-de-crimes-em-atuacao-de-andre-mendonca","status":"publish","type":"post","link":"https:\/\/acontecenafronteira.com.br\/index.php\/2026\/09\/03\/moraes-ve-indicios-de-crimes-em-atuacao-de-andre-mendonca\/","title":{"rendered":"Moraes v\u00ea ind\u00edcios de crimes em atua\u00e7\u00e3o de Andr\u00e9 Mendon\u00e7a"},"content":{"rendered":"<p>O ministro Alexandre de Moraes, integrante do Supremo Tribunal Federal, encaminhou nesta quinta-feira ao presidente da Corte, Edson Fachin, relat\u00f3rios elaborados pela Pol\u00edcia Federal que detalham supostas pr\u00e1ticas il\u00edcitas do ministro Andr\u00e9 Mendon\u00e7a durante a supervis\u00e3o das opera\u00e7\u00f5es Sem Desconto e Compliance Zero. No despacho, Moraes destacou a exist\u00eancia de evid\u00eancias contundentes sobre a ocorr\u00eancia de improbidade administrativa, abuso de poder e infra\u00e7\u00f5es de responsabilidade por parte do magistrado.<\/p>\n<h2>Frentes de atua\u00e7\u00e3o irregular<\/h2>\n<p>Conforme apontado pelas investiga\u00e7\u00f5es da pol\u00edcia judici\u00e1ria, a atua\u00e7\u00e3o de Mendon\u00e7a teria se concentrado em tr\u00eas eixos principais considerados inadequados. Entre eles est\u00e3o a suposta interfer\u00eancia na lideran\u00e7a das apura\u00e7\u00f5es, o que teria comprometido a preserva\u00e7\u00e3o das provas, o envolvimento inadequado em negocia\u00e7\u00f5es de dela\u00e7\u00e3o premiada e o direcionamento de apura\u00e7\u00f5es contra o pr\u00f3prio Moraes e o senador Davi Alcolumbre, motivado por interesses pol\u00edticos e pessoais.<\/p>\n<h2>Tramita\u00e7\u00e3o e medidas adotadas<\/h2>\n<p>Diante do material apresentado, a decis\u00e3o e os anexos foram remetidos \u00e0 presid\u00eancia do tribunal superior para a ado\u00e7\u00e3o das medidas julgadas cab\u00edveis. Adicionalmente, o magistrado respons\u00e1vel pelo caso retirou a confidencialidade dos autos e ordenou a notifica\u00e7\u00e3o formal da Procuradoria-Geral da Rep\u00fablica sobre o teor das investiga\u00e7\u00f5es.<\/p>\n<p>O andamento do caso segue sob acompanhamento das autoridades competentes, enquanto novos desdobramentos sobre o epis\u00f3dio continuam sendo apurados pela c\u00fapula do Judici\u00e1rio brasileiro.<\/p>\n<p>Por Reda\u00e7\u00e3o Acontece<\/p>\n<p>Foto: Divulga\u00e7\u00e3o\/STF<\/p>\n","protected":false},"excerpt":{"rendered":"<p>O ministro Alexandre de Moraes, integrante do Supremo Tribunal Federal, encaminhou nesta quinta-feira ao presidente da Corte, Edson Fachin, relat\u00f3rios elaborados pela Pol\u00edcia Federal que detalham supostas pr\u00e1ticas il\u00edcitas do ministro Andr\u00e9 Mendon\u00e7a durante a supervis\u00e3o das opera\u00e7\u00f5es Sem Desconto e Compliance Zero. No despacho, Moraes destacou a exist\u00eancia de evid\u00eancias contundentes sobre a ocorr\u00eancia [&hellip;]<\/p>\n","protected":false},"author":0,"featured_media":34734,"comment_status":"open","ping_status":"open","sticky":false,"template":"","format":"standard","meta":{"footnotes":""},"categories":[28],"tags":[],"class_list":["post-34726","post","type-post","status-publish","format-standard","has-post-thumbnail","hentry","category-mundo"],"_links":{"self":[{"href":"https:\/\/acontecenafronteira.com.br\/index.php\/wp-json\/wp\/v2\/posts\/34726","targetHints":{"allow":["GET"]}}],"collection":[{"href":"https:\/\/acontecenafronteira.com.br\/index.php\/wp-json\/wp\/v2\/posts"}],"about":[{"href":"https:\/\/acontecenafronteira.com.br\/index.php\/wp-json\/wp\/v2\/types\/post"}],"replies":[{"embeddable":true,"href":"https:\/\/acontecenafronteira.com.br\/index.php\/wp-json\/wp\/v2\/comments?post=34726"}],"version-history":[{"count":1,"href":"https:\/\/acontecenafronteira.com.br\/index.php\/wp-json\/wp\/v2\/posts\/34726\/revisions"}],"predecessor-version":[{"id":34733,"href":"https:\/\/acontecenafronteira.com.br\/index.php\/wp-json\/wp\/v2\/posts\/34726\/revisions\/34733"}],"wp:featuredmedia":[{"embeddable":true,"href":"https:\/\/acontecenafronteira.com.br\/index.php\/wp-json\/wp\/v2\/media\/34734"}],"wp:attachment":[{"href":"https:\/\/acontecenafronteira.com.br\/index.php\/wp-json\/wp\/v2\/media?parent=34726"}],"wp:term":[{"taxonomy":"category","embeddable":true,"href":"https:\/\/acontecenafronteira.com.br\/index.php\/wp-json\/wp\/v2\/categories?post=34726"},{"taxonomy":"post_tag","embeddable":true,"href":"https:\/\/acontecenafronteira.com.br\/index.php\/wp-json\/wp\/v2\/tags?post=34726"}],"curies":[{"name":"wp","href":"https:\/\/api.w.org\/{rel}","templated":true}]}}