{"id":34724,"date":"2026-09-03T20:36:45","date_gmt":"2026-09-03T23:36:45","guid":{"rendered":"https:\/\/acontecenafronteira.com.br\/?p=34724"},"modified":"2026-09-03T20:36:45","modified_gmt":"2026-09-03T23:36:45","slug":"lula-grava-video-para-comentar-crise-entre-stf-e-vorcaro","status":"publish","type":"post","link":"https:\/\/acontecenafronteira.com.br\/index.php\/2026\/09\/03\/lula-grava-video-para-comentar-crise-entre-stf-e-vorcaro\/","title":{"rendered":"Lula grava v\u00eddeo para comentar crise entre STF e Vorcaro"},"content":{"rendered":"<p>O presidente <strong>Luiz In\u00e1cio Lula da Silva<\/strong> gravou um pronunciamento oficial nesta semana para abordar a recente crise institucional no Supremo Tribunal Federal (STF). A instabilidade na Corte foi desencadeada ap\u00f3s a divulga\u00e7\u00e3o de novas conversas trocadas entre o banqueiro <strong>Daniel Vorcaro<\/strong> e o ministro <strong>Alexandre de Moraes<\/strong>.<\/p>\n<h2>O impacto das revela\u00e7\u00f5es na pol\u00edtica nacional<\/h2>\n<p>A exist\u00eancia das mensagens foi inicialmente veiculada pela emissora CNN e posteriormente confirmada pelo jornal O Globo, gerando grande repercuss\u00e3o nos bastidores de Bras\u00edlia e movimentando os tr\u00eas Poderes.<\/p>\n<p>Aliados pr\u00f3ximos ao Pal\u00e1cio do Planalto relataram que o material audiovisual produzido pelo chefe do Executivo apresenta uma postura estritamente institucional e de tom presidencial diante da gravidade dos fatos.<\/p>\n<h2>Estrat\u00e9gia de divulga\u00e7\u00e3o e campanha<\/h2>\n<p>At\u00e9 o momento, articuladores pol\u00edticos e membros da equipe de campanha ainda analisam a viabilidade de veicular o conte\u00fado gravado durante o programa do hor\u00e1rio eleitoral gratuito programado para o pr\u00f3ximo s\u00e1bado.<\/p>\n<p>A decis\u00e3o final sobre a exibi\u00e7\u00e3o p\u00fablica do material depende de avalia\u00e7\u00f5es estrat\u00e9gicas sobre o timing pol\u00edtico e o tom da mensagem em meio ao embate jur\u00eddico e midi\u00e1tico.<\/p>\n<p>O epis\u00f3dio segue em monitoramento constante pelo governo federal, que busca dimensionar os reflexos da crise na rela\u00e7\u00e3o entre o Executivo e o Poder Judici\u00e1rio nos pr\u00f3ximos dias.<\/p>\n<p>Por Reda\u00e7\u00e3o Acontece<\/p>\n<p>Cr\u00e9ditos da imagem: Reprodu\u00e7\u00e3o \/ Ag\u00eancia Brasil<\/p>\n","protected":false},"excerpt":{"rendered":"<p>O presidente Luiz In\u00e1cio Lula da Silva gravou um pronunciamento oficial nesta semana para abordar a recente crise institucional no Supremo Tribunal Federal (STF). A instabilidade na Corte foi desencadeada ap\u00f3s a divulga\u00e7\u00e3o de novas conversas trocadas entre o banqueiro Daniel Vorcaro e o ministro Alexandre de Moraes. O impacto das revela\u00e7\u00f5es na pol\u00edtica nacional [&hellip;]<\/p>\n","protected":false},"author":0,"featured_media":34730,"comment_status":"open","ping_status":"open","sticky":false,"template":"","format":"standard","meta":{"footnotes":""},"categories":[28],"tags":[],"class_list":["post-34724","post","type-post","status-publish","format-standard","has-post-thumbnail","hentry","category-mundo"],"_links":{"self":[{"href":"https:\/\/acontecenafronteira.com.br\/index.php\/wp-json\/wp\/v2\/posts\/34724","targetHints":{"allow":["GET"]}}],"collection":[{"href":"https:\/\/acontecenafronteira.com.br\/index.php\/wp-json\/wp\/v2\/posts"}],"about":[{"href":"https:\/\/acontecenafronteira.com.br\/index.php\/wp-json\/wp\/v2\/types\/post"}],"replies":[{"embeddable":true,"href":"https:\/\/acontecenafronteira.com.br\/index.php\/wp-json\/wp\/v2\/comments?post=34724"}],"version-history":[{"count":1,"href":"https:\/\/acontecenafronteira.com.br\/index.php\/wp-json\/wp\/v2\/posts\/34724\/revisions"}],"predecessor-version":[{"id":34729,"href":"https:\/\/acontecenafronteira.com.br\/index.php\/wp-json\/wp\/v2\/posts\/34724\/revisions\/34729"}],"wp:featuredmedia":[{"embeddable":true,"href":"https:\/\/acontecenafronteira.com.br\/index.php\/wp-json\/wp\/v2\/media\/34730"}],"wp:attachment":[{"href":"https:\/\/acontecenafronteira.com.br\/index.php\/wp-json\/wp\/v2\/media?parent=34724"}],"wp:term":[{"taxonomy":"category","embeddable":true,"href":"https:\/\/acontecenafronteira.com.br\/index.php\/wp-json\/wp\/v2\/categories?post=34724"},{"taxonomy":"post_tag","embeddable":true,"href":"https:\/\/acontecenafronteira.com.br\/index.php\/wp-json\/wp\/v2\/tags?post=34724"}],"curies":[{"name":"wp","href":"https:\/\/api.w.org\/{rel}","templated":true}]}}