{"id":34723,"date":"2026-09-03T20:36:36","date_gmt":"2026-09-03T23:36:36","guid":{"rendered":"https:\/\/acontecenafronteira.com.br\/?p=34723"},"modified":"2026-09-03T20:36:36","modified_gmt":"2026-09-03T23:36:36","slug":"pesquisa-datafolha-aponta-queda-na-aprovacao-do-governo-lula","status":"publish","type":"post","link":"https:\/\/acontecenafronteira.com.br\/index.php\/2026\/09\/03\/pesquisa-datafolha-aponta-queda-na-aprovacao-do-governo-lula\/","title":{"rendered":"Pesquisa Datafolha aponta queda na aprova\u00e7\u00e3o do governo Lula"},"content":{"rendered":"<p>A mais recente pesquisa de opini\u00e3o realizada pelo instituto Datafolha traz sinais de alerta para a gest\u00e3o do presidente Luiz In\u00e1cio Lula da Silva, indicando um desgaste na imagem do atual mandato perante a popula\u00e7\u00e3o brasileira.<\/p>\n<h2>Crescimento da rejei\u00e7\u00e3o popular<\/h2>\n<p>O levantamento aponta que, embora o chefe do Executivo se mantenha na lideran\u00e7a pol\u00edtica, a percep\u00e7\u00e3o negativa sobre a administra\u00e7\u00e3o federal sofreu um incremento, refletindo o descontentamento de parte dos eleitores.<\/p>\n<p>O \u00edndice de entrevistados que classificam a gest\u00e3o atual como <strong>ruim ou p\u00e9ssimo<\/strong> apresentou alta, passando de 41% para 42% no comparativo com a pesquisa anterior.<\/p>\n<h2>Retra\u00e7\u00e3o nos \u00edndices positivos<\/h2>\n<p>Em contrapartida, o patamar dos que avaliam o governo como <strong>\u00f3timo ou bom<\/strong> registrou uma retra\u00e7\u00e3o, caindo de 33% para 31%.<\/p>\n<p>Enquanto isso, a fatia da popula\u00e7\u00e3o que enxerga a administra\u00e7\u00e3o federal de maneira <strong>regular<\/strong> manteve-se est\u00e1vel, registrando o percentual de 25%.<\/p>\n<p>Esses n\u00fameros consolidam um cen\u00e1rio desafiador para o Pal\u00e1cio do Planalto, que busca estrat\u00e9gias para reverter a tend\u00eancia de baixa nos indicadores de popularidade e reconquistar a confian\u00e7a da opini\u00e3o p\u00fablica.<\/p>\n<p>Por Reda\u00e7\u00e3o Acontece<\/p>\n<p>Cr\u00e9ditos da imagem: Divulga\u00e7\u00e3o\/Datafolha<\/p>\n","protected":false},"excerpt":{"rendered":"<p>A mais recente pesquisa de opini\u00e3o realizada pelo instituto Datafolha traz sinais de alerta para a gest\u00e3o do presidente Luiz In\u00e1cio Lula da Silva, indicando um desgaste na imagem do atual mandato perante a popula\u00e7\u00e3o brasileira. Crescimento da rejei\u00e7\u00e3o popular O levantamento aponta que, embora o chefe do Executivo se mantenha na lideran\u00e7a pol\u00edtica, a [&hellip;]<\/p>\n","protected":false},"author":0,"featured_media":34728,"comment_status":"open","ping_status":"open","sticky":false,"template":"","format":"standard","meta":{"footnotes":""},"categories":[28],"tags":[],"class_list":["post-34723","post","type-post","status-publish","format-standard","has-post-thumbnail","hentry","category-mundo"],"_links":{"self":[{"href":"https:\/\/acontecenafronteira.com.br\/index.php\/wp-json\/wp\/v2\/posts\/34723","targetHints":{"allow":["GET"]}}],"collection":[{"href":"https:\/\/acontecenafronteira.com.br\/index.php\/wp-json\/wp\/v2\/posts"}],"about":[{"href":"https:\/\/acontecenafronteira.com.br\/index.php\/wp-json\/wp\/v2\/types\/post"}],"replies":[{"embeddable":true,"href":"https:\/\/acontecenafronteira.com.br\/index.php\/wp-json\/wp\/v2\/comments?post=34723"}],"version-history":[{"count":1,"href":"https:\/\/acontecenafronteira.com.br\/index.php\/wp-json\/wp\/v2\/posts\/34723\/revisions"}],"predecessor-version":[{"id":34727,"href":"https:\/\/acontecenafronteira.com.br\/index.php\/wp-json\/wp\/v2\/posts\/34723\/revisions\/34727"}],"wp:featuredmedia":[{"embeddable":true,"href":"https:\/\/acontecenafronteira.com.br\/index.php\/wp-json\/wp\/v2\/media\/34728"}],"wp:attachment":[{"href":"https:\/\/acontecenafronteira.com.br\/index.php\/wp-json\/wp\/v2\/media?parent=34723"}],"wp:term":[{"taxonomy":"category","embeddable":true,"href":"https:\/\/acontecenafronteira.com.br\/index.php\/wp-json\/wp\/v2\/categories?post=34723"},{"taxonomy":"post_tag","embeddable":true,"href":"https:\/\/acontecenafronteira.com.br\/index.php\/wp-json\/wp\/v2\/tags?post=34723"}],"curies":[{"name":"wp","href":"https:\/\/api.w.org\/{rel}","templated":true}]}}