{"id":34714,"date":"2026-09-03T20:36:25","date_gmt":"2026-09-03T23:36:25","guid":{"rendered":"https:\/\/acontecenafronteira.com.br\/?p=34714"},"modified":"2026-09-03T20:36:25","modified_gmt":"2026-09-03T23:36:25","slug":"lito-sousa-tem-alta-hospitalar-e-inicia-cuidados-paliativos","status":"publish","type":"post","link":"https:\/\/acontecenafronteira.com.br\/index.php\/2026\/09\/03\/lito-sousa-tem-alta-hospitalar-e-inicia-cuidados-paliativos\/","title":{"rendered":"Lito Sousa tem alta hospitalar e inicia cuidados paliativos"},"content":{"rendered":"<p>O renomado criador de conte\u00fado Lito Sousa recebeu alta hospitalar ap\u00f3s permanecer internado por mais de 20 dias, dando continuidade ao seu tratamento m\u00e9dico no conforto de seu lar.<\/p>\n<h2>Estrutura adaptada em casa<\/h2>\n<p>O pavimento t\u00e9rreo da resid\u00eancia onde o influenciador reside foi totalmente adaptado para garantir todo o suporte necess\u00e1rio durante esta fase de sua recupera\u00e7\u00e3o.<\/p>\n<h2>Transi\u00e7\u00e3o para o ambiente domiciliar<\/h2>\n<p>A mudan\u00e7a do hospital para a resid\u00eancia marca uma nova etapa no acompanhamento da sa\u00fade do especialista em avia\u00e7\u00e3o, que agora conta com uma estrutura especializada montada exclusivamente para o seu conforto e seguran\u00e7a.<\/p>\n<p>Familiares e profissionais de sa\u00fade est\u00e3o alinhados para prestar toda a assist\u00eancia requerida, priorizando o bem-estar do criador de conte\u00fado neste momento delicado.<\/p>\n<p>A decis\u00e3o pela desospitaliza\u00e7\u00e3o reflete o desejo de oferecer um ambiente mais acolhedor, mantendo o rigor t\u00e9cnico exigido pelo quadro cl\u00ednico atual.<\/p>\n<p>Por Reda\u00e7\u00e3o Acontece<\/p>\n<p>Cr\u00e9ditos da imagem: Reprodu\u00e7\u00e3o \/ Redes Sociais<\/p>\n","protected":false},"excerpt":{"rendered":"<p>O renomado criador de conte\u00fado Lito Sousa recebeu alta hospitalar ap\u00f3s permanecer internado por mais de 20 dias, dando continuidade ao seu tratamento m\u00e9dico no conforto de seu lar. Estrutura adaptada em casa O pavimento t\u00e9rreo da resid\u00eancia onde o influenciador reside foi totalmente adaptado para garantir todo o suporte necess\u00e1rio durante esta fase de [&hellip;]<\/p>\n","protected":false},"author":0,"featured_media":34722,"comment_status":"open","ping_status":"open","sticky":false,"template":"","format":"standard","meta":{"footnotes":""},"categories":[18],"tags":[],"class_list":["post-34714","post","type-post","status-publish","format-standard","has-post-thumbnail","hentry","category-parana"],"_links":{"self":[{"href":"https:\/\/acontecenafronteira.com.br\/index.php\/wp-json\/wp\/v2\/posts\/34714","targetHints":{"allow":["GET"]}}],"collection":[{"href":"https:\/\/acontecenafronteira.com.br\/index.php\/wp-json\/wp\/v2\/posts"}],"about":[{"href":"https:\/\/acontecenafronteira.com.br\/index.php\/wp-json\/wp\/v2\/types\/post"}],"replies":[{"embeddable":true,"href":"https:\/\/acontecenafronteira.com.br\/index.php\/wp-json\/wp\/v2\/comments?post=34714"}],"version-history":[{"count":1,"href":"https:\/\/acontecenafronteira.com.br\/index.php\/wp-json\/wp\/v2\/posts\/34714\/revisions"}],"predecessor-version":[{"id":34721,"href":"https:\/\/acontecenafronteira.com.br\/index.php\/wp-json\/wp\/v2\/posts\/34714\/revisions\/34721"}],"wp:featuredmedia":[{"embeddable":true,"href":"https:\/\/acontecenafronteira.com.br\/index.php\/wp-json\/wp\/v2\/media\/34722"}],"wp:attachment":[{"href":"https:\/\/acontecenafronteira.com.br\/index.php\/wp-json\/wp\/v2\/media?parent=34714"}],"wp:term":[{"taxonomy":"category","embeddable":true,"href":"https:\/\/acontecenafronteira.com.br\/index.php\/wp-json\/wp\/v2\/categories?post=34714"},{"taxonomy":"post_tag","embeddable":true,"href":"https:\/\/acontecenafronteira.com.br\/index.php\/wp-json\/wp\/v2\/tags?post=34714"}],"curies":[{"name":"wp","href":"https:\/\/api.w.org\/{rel}","templated":true}]}}