{"id":34713,"date":"2026-09-03T20:36:23","date_gmt":"2026-09-03T23:36:23","guid":{"rendered":"https:\/\/acontecenafronteira.com.br\/?p=34713"},"modified":"2026-09-03T20:36:23","modified_gmt":"2026-09-03T23:36:23","slug":"aeroportos-do-parana-passam-a-ser-controlados-por-grupo-mexicano","status":"publish","type":"post","link":"https:\/\/acontecenafronteira.com.br\/index.php\/2026\/09\/03\/aeroportos-do-parana-passam-a-ser-controlados-por-grupo-mexicano\/","title":{"rendered":"Aeroportos do Paran\u00e1 passam a ser controlados por grupo mexicano"},"content":{"rendered":"<p>Quatro importantes terminais aeroportu\u00e1rios localizados no Paran\u00e1 mudaram de administra\u00e7\u00e3o e agora est\u00e3o sob o controle do <strong>Grupo Aeroportuario del Sureste (ASUR)<\/strong>, conglomerado de origem mexicana. A transa\u00e7\u00e3o foi finalizada ap\u00f3s a conclus\u00e3o da venda da plataforma de avia\u00e7\u00e3o regional que englobava essas unidades.<\/p>\n<h2>Impacto na avia\u00e7\u00e3o regional<\/h2>\n<p>A mudan\u00e7a na gest\u00e3o representa uma nova etapa para a infraestrutura de transportes do estado. Os aeroportos agora integrados ao portf\u00f3lio internacional buscam atrair novas rotas e ampliar a capacidade de atendimento aos passageiros, modernizando os servi\u00e7os oferecidos.<\/p>\n<h2>Expans\u00e3o internacional no Brasil<\/h2>\n<p>O grupo mexicano amplia sua atua\u00e7\u00e3o no mercado sul-americano com essa aquisi\u00e7\u00e3o. A empresa j\u00e1 possui experi\u00eancia consolidada no setor aeroportu\u00e1rio e planeja aplicar novas tecnologias e padr\u00f5es de excel\u00eancia operacional nos terminais paranaenses rec\u00e9m-adquiridos.<\/p>\n<p>A transi\u00e7\u00e3o de comando ocorreu de forma gradual para garantir a continuidade dos voos e a seguran\u00e7a das opera\u00e7\u00f5es di\u00e1rias. As autoridades locais acompanham o processo de perto para assegurar o cumprimento das metas estabelecidas nos contratos de concess\u00e3o.<\/p>\n<p>Com essa movimenta\u00e7\u00e3o no setor de infraestrutura, o estado refor\u00e7a sua conectividade com o restante do pa\u00eds e com o exterior, impulsionando o turismo e os neg\u00f3cios na regi\u00e3o sul.<\/p>\n<p>Por Reda\u00e7\u00e3o Acontece<\/p>\n<p>Cr\u00e9ditos da imagem: Divulga\u00e7\u00e3o \/ ASUR<\/p>\n","protected":false},"excerpt":{"rendered":"<p>Quatro importantes terminais aeroportu\u00e1rios localizados no Paran\u00e1 mudaram de administra\u00e7\u00e3o e agora est\u00e3o sob o controle do Grupo Aeroportuario del Sureste (ASUR), conglomerado de origem mexicana. A transa\u00e7\u00e3o foi finalizada ap\u00f3s a conclus\u00e3o da venda da plataforma de avia\u00e7\u00e3o regional que englobava essas unidades. Impacto na avia\u00e7\u00e3o regional A mudan\u00e7a na gest\u00e3o representa uma nova [&hellip;]<\/p>\n","protected":false},"author":0,"featured_media":34720,"comment_status":"open","ping_status":"open","sticky":false,"template":"","format":"standard","meta":{"footnotes":""},"categories":[18],"tags":[],"class_list":["post-34713","post","type-post","status-publish","format-standard","has-post-thumbnail","hentry","category-parana"],"_links":{"self":[{"href":"https:\/\/acontecenafronteira.com.br\/index.php\/wp-json\/wp\/v2\/posts\/34713","targetHints":{"allow":["GET"]}}],"collection":[{"href":"https:\/\/acontecenafronteira.com.br\/index.php\/wp-json\/wp\/v2\/posts"}],"about":[{"href":"https:\/\/acontecenafronteira.com.br\/index.php\/wp-json\/wp\/v2\/types\/post"}],"replies":[{"embeddable":true,"href":"https:\/\/acontecenafronteira.com.br\/index.php\/wp-json\/wp\/v2\/comments?post=34713"}],"version-history":[{"count":1,"href":"https:\/\/acontecenafronteira.com.br\/index.php\/wp-json\/wp\/v2\/posts\/34713\/revisions"}],"predecessor-version":[{"id":34719,"href":"https:\/\/acontecenafronteira.com.br\/index.php\/wp-json\/wp\/v2\/posts\/34713\/revisions\/34719"}],"wp:featuredmedia":[{"embeddable":true,"href":"https:\/\/acontecenafronteira.com.br\/index.php\/wp-json\/wp\/v2\/media\/34720"}],"wp:attachment":[{"href":"https:\/\/acontecenafronteira.com.br\/index.php\/wp-json\/wp\/v2\/media?parent=34713"}],"wp:term":[{"taxonomy":"category","embeddable":true,"href":"https:\/\/acontecenafronteira.com.br\/index.php\/wp-json\/wp\/v2\/categories?post=34713"},{"taxonomy":"post_tag","embeddable":true,"href":"https:\/\/acontecenafronteira.com.br\/index.php\/wp-json\/wp\/v2\/tags?post=34713"}],"curies":[{"name":"wp","href":"https:\/\/api.w.org\/{rel}","templated":true}]}}