{"id":34712,"date":"2026-09-03T20:36:19","date_gmt":"2026-09-03T23:36:19","guid":{"rendered":"https:\/\/acontecenafronteira.com.br\/?p=34712"},"modified":"2026-09-03T20:36:19","modified_gmt":"2026-09-03T23:36:19","slug":"athletico-define-troca-no-gol-e-mycael-joga-contra-o-cruzeiro","status":"publish","type":"post","link":"https:\/\/acontecenafronteira.com.br\/index.php\/2026\/09\/03\/athletico-define-troca-no-gol-e-mycael-joga-contra-o-cruzeiro\/","title":{"rendered":"Athletico define troca no gol e Mycael joga contra o Cruzeiro"},"content":{"rendered":"<p>O Athletico vai passar por uma altera\u00e7\u00e3o importante em sua escala\u00e7\u00e3o para o pr\u00f3ximo compromisso v\u00e1lido pelo Campeonato Brasileiro. A meta da equipe ser\u00e1 defendida por Mycael na partida deste domingo (6), \u00e0s [Inserir Hor\u00e1rio], contra o Cruzeiro.<\/p>\n<h2>Mudan\u00e7a estrat\u00e9gica na escala\u00e7\u00e3o<\/h2>\n<p>A decis\u00e3o da comiss\u00e3o t\u00e9cnica altera a din\u00e2mica do time titular para o confronto direto na competi\u00e7\u00e3o nacional.<\/p>\n<p>O jovem arqueiro ganha uma oportunidade de ouro para mostrar seu valor sob os refletores da S\u00e9rie A.<\/p>\n<h2>Expectativa para o duelo<\/h2>\n<p>A entrada do goleiro muda a prepara\u00e7\u00e3o defensiva do clube paranaense, que busca somar pontos importantes fora de casa.<\/p>\n<p>A torcida athleticana acompanha de perto essa movimenta\u00e7\u00e3o no elenco principal, de olho no desempenho do substituto.<\/p>\n<p>O confronto de domingo promete fortes emo\u00e7\u00f5es, com o time visitante apostando em sangue novo para superar o rival mineiro.<\/p>\n<p>Por Reda\u00e7\u00e3o Acontece<\/p>\n<p>Cr\u00e9ditos da imagem: Divulga\u00e7\u00e3o \/ Athletico<\/p>\n","protected":false},"excerpt":{"rendered":"<p>O Athletico vai passar por uma altera\u00e7\u00e3o importante em sua escala\u00e7\u00e3o para o pr\u00f3ximo compromisso v\u00e1lido pelo Campeonato Brasileiro. A meta da equipe ser\u00e1 defendida por Mycael na partida deste domingo (6), \u00e0s [Inserir Hor\u00e1rio], contra o Cruzeiro. Mudan\u00e7a estrat\u00e9gica na escala\u00e7\u00e3o A decis\u00e3o da comiss\u00e3o t\u00e9cnica altera a din\u00e2mica do time titular para o [&hellip;]<\/p>\n","protected":false},"author":0,"featured_media":34718,"comment_status":"open","ping_status":"open","sticky":false,"template":"","format":"standard","meta":{"footnotes":""},"categories":[18],"tags":[],"class_list":["post-34712","post","type-post","status-publish","format-standard","has-post-thumbnail","hentry","category-parana"],"_links":{"self":[{"href":"https:\/\/acontecenafronteira.com.br\/index.php\/wp-json\/wp\/v2\/posts\/34712","targetHints":{"allow":["GET"]}}],"collection":[{"href":"https:\/\/acontecenafronteira.com.br\/index.php\/wp-json\/wp\/v2\/posts"}],"about":[{"href":"https:\/\/acontecenafronteira.com.br\/index.php\/wp-json\/wp\/v2\/types\/post"}],"replies":[{"embeddable":true,"href":"https:\/\/acontecenafronteira.com.br\/index.php\/wp-json\/wp\/v2\/comments?post=34712"}],"version-history":[{"count":1,"href":"https:\/\/acontecenafronteira.com.br\/index.php\/wp-json\/wp\/v2\/posts\/34712\/revisions"}],"predecessor-version":[{"id":34717,"href":"https:\/\/acontecenafronteira.com.br\/index.php\/wp-json\/wp\/v2\/posts\/34712\/revisions\/34717"}],"wp:featuredmedia":[{"embeddable":true,"href":"https:\/\/acontecenafronteira.com.br\/index.php\/wp-json\/wp\/v2\/media\/34718"}],"wp:attachment":[{"href":"https:\/\/acontecenafronteira.com.br\/index.php\/wp-json\/wp\/v2\/media?parent=34712"}],"wp:term":[{"taxonomy":"category","embeddable":true,"href":"https:\/\/acontecenafronteira.com.br\/index.php\/wp-json\/wp\/v2\/categories?post=34712"},{"taxonomy":"post_tag","embeddable":true,"href":"https:\/\/acontecenafronteira.com.br\/index.php\/wp-json\/wp\/v2\/tags?post=34712"}],"curies":[{"name":"wp","href":"https:\/\/api.w.org\/{rel}","templated":true}]}}