{"id":34711,"date":"2026-09-03T20:36:16","date_gmt":"2026-09-03T23:36:16","guid":{"rendered":"https:\/\/acontecenafronteira.com.br\/?p=34711"},"modified":"2026-09-03T20:36:16","modified_gmt":"2026-09-03T23:36:16","slug":"homem-pega-58-anos-de-prisao-por-assassinato-de-idosos-no-pr","status":"publish","type":"post","link":"https:\/\/acontecenafronteira.com.br\/index.php\/2026\/09\/03\/homem-pega-58-anos-de-prisao-por-assassinato-de-idosos-no-pr\/","title":{"rendered":"Homem pega 58 anos de pris\u00e3o por assassinato de idosos no PR"},"content":{"rendered":"<p>O Tribunal do J\u00fari da comarca de Congonhinhas, situada no Norte Pioneiro paranaense, aplicou uma pena de 58 anos e 8 meses de reclus\u00e3o a um indiv\u00edduo responsabilizado pelo assassinato de um casal de idosos. O julgamento ocorreu nesta ter\u00e7a-feira (1\u00ba) e mobilizou a comunidade local devido \u00e0 gravidade dos crimes cometidos.<\/p>\n<h2>Detalhes do julgamento em Congonhinhas<\/h2>\n<p>Os jurados acolheram integralmente as teses apresentadas pela acusa\u00e7\u00e3o durante a sess\u00e3o. O r\u00e9u foi considerado culpado por uma s\u00e9rie de delitos graves, incluindo homic\u00eddio duplamente qualificado, oculta\u00e7\u00e3o de cad\u00e1ver e roubo duplamente majorado.<\/p>\n<h2>O hist\u00f3rico dos crimes<\/h2>\n<p>Conforme a investiga\u00e7\u00e3o conduzida pelo Minist\u00e9rio P\u00fablico, a motiva\u00e7\u00e3o por tr\u00e1s da viol\u00eancia foi financeira. O criminoso subtraiu diversos pertences das v\u00edtimas e uma quantia em dinheiro que pertencia ao casal, antes de cometer os homic\u00eddios para assegurar a impunidade.<\/p>\n<p>O caso chocou moradores da regi\u00e3o pela frieza com que a execu\u00e7\u00e3o foi planejada e executada. A atua\u00e7\u00e3o r\u00e1pida das for\u00e7as de seguran\u00e7a logo ap\u00f3s os fatos foi determinante para elucidar a autoria e reunir provas robustas.<\/p>\n<p>A senten\u00e7a proferida pelo magistrado respons\u00e1vel refor\u00e7a o rigor da Justi\u00e7a brasileira diante de crimes violentos contra pessoas vulner\u00e1veis. O condenado cumprir\u00e1 a pena inicialmente em regime fechado e n\u00e3o ter\u00e1 direito a recorrer em liberdade.<\/p>\n<p>Por Reda\u00e7\u00e3o Acontece<\/p>\n<p>Cr\u00e9ditos da imagem: Divulga\u00e7\u00e3o\/TJPR<\/p>\n","protected":false},"excerpt":{"rendered":"<p>O Tribunal do J\u00fari da comarca de Congonhinhas, situada no Norte Pioneiro paranaense, aplicou uma pena de 58 anos e 8 meses de reclus\u00e3o a um indiv\u00edduo responsabilizado pelo assassinato de um casal de idosos. O julgamento ocorreu nesta ter\u00e7a-feira (1\u00ba) e mobilizou a comunidade local devido \u00e0 gravidade dos crimes cometidos. Detalhes do julgamento [&hellip;]<\/p>\n","protected":false},"author":0,"featured_media":34716,"comment_status":"open","ping_status":"open","sticky":false,"template":"","format":"standard","meta":{"footnotes":""},"categories":[18],"tags":[],"class_list":["post-34711","post","type-post","status-publish","format-standard","has-post-thumbnail","hentry","category-parana"],"_links":{"self":[{"href":"https:\/\/acontecenafronteira.com.br\/index.php\/wp-json\/wp\/v2\/posts\/34711","targetHints":{"allow":["GET"]}}],"collection":[{"href":"https:\/\/acontecenafronteira.com.br\/index.php\/wp-json\/wp\/v2\/posts"}],"about":[{"href":"https:\/\/acontecenafronteira.com.br\/index.php\/wp-json\/wp\/v2\/types\/post"}],"replies":[{"embeddable":true,"href":"https:\/\/acontecenafronteira.com.br\/index.php\/wp-json\/wp\/v2\/comments?post=34711"}],"version-history":[{"count":1,"href":"https:\/\/acontecenafronteira.com.br\/index.php\/wp-json\/wp\/v2\/posts\/34711\/revisions"}],"predecessor-version":[{"id":34715,"href":"https:\/\/acontecenafronteira.com.br\/index.php\/wp-json\/wp\/v2\/posts\/34711\/revisions\/34715"}],"wp:featuredmedia":[{"embeddable":true,"href":"https:\/\/acontecenafronteira.com.br\/index.php\/wp-json\/wp\/v2\/media\/34716"}],"wp:attachment":[{"href":"https:\/\/acontecenafronteira.com.br\/index.php\/wp-json\/wp\/v2\/media?parent=34711"}],"wp:term":[{"taxonomy":"category","embeddable":true,"href":"https:\/\/acontecenafronteira.com.br\/index.php\/wp-json\/wp\/v2\/categories?post=34711"},{"taxonomy":"post_tag","embeddable":true,"href":"https:\/\/acontecenafronteira.com.br\/index.php\/wp-json\/wp\/v2\/tags?post=34711"}],"curies":[{"name":"wp","href":"https:\/\/api.w.org\/{rel}","templated":true}]}}