{"id":34702,"date":"2026-09-03T20:36:12","date_gmt":"2026-09-03T23:36:12","guid":{"rendered":"https:\/\/acontecenafronteira.com.br\/?p=34702"},"modified":"2026-09-03T20:36:12","modified_gmt":"2026-09-03T23:36:12","slug":"eleicoes-pr-sandro-alex-foca-na-transicao-do-icms-para-o-ibs","status":"publish","type":"post","link":"https:\/\/acontecenafronteira.com.br\/index.php\/2026\/09\/03\/eleicoes-pr-sandro-alex-foca-na-transicao-do-icms-para-o-ibs\/","title":{"rendered":"Elei\u00e7\u00f5es PR: Sandro Alex foca na transi\u00e7\u00e3o do ICMS para o IBS"},"content":{"rendered":"<p>O candidato ao governo do Paran\u00e1 pelo PSD, Sandro Alex, afirmou recentemente que sua gest\u00e3o pretende blindar a economia paranaense durante a transi\u00e7\u00e3o para o novo modelo de arrecada\u00e7\u00e3o trazido pela reforma tribut\u00e1ria.<\/p>\n<h2>Reforma tribut\u00e1ria e sa\u00fade financeira<\/h2>\n<p>Durante sabatina realizada na \u00faltima quinta-feira (3), o pol\u00edtico enfatizou a urg\u00eancia de organizar o territ\u00f3rio paranaense para a chegada do Imposto sobre Bens e Servi\u00e7os (IBS), tributo que unificar\u00e1 e substituir\u00e1 gradualmente o atual ICMS e o ISS.<\/p>\n<p>O postulante ao Pal\u00e1cio Igua\u00e7u garantiu que o foco principal ser\u00e1 proteger o or\u00e7amento estadual, assegurando que o Paran\u00e1 mantenha sua solidez financeira e continue com plena capacidade de investimentos p\u00fablicos nos pr\u00f3ximos anos.<\/p>\n<h2>Agenda de campanha e compromissos<\/h2>\n<p>Al\u00e9m das discuss\u00f5es econ\u00f4micas, a agenda do candidato incluiu reuni\u00f5es com empres\u00e1rios e artes\u00e3os na cidade de Campo Largo, na Regi\u00e3o Metropolitana de Curitiba, al\u00e9m de atos de lan\u00e7amento de candidaturas na capital.<\/p>\n<p>Os encontros com o eleitorado tamb\u00e9m abrangeram conversas diretas com comerciantes nos bairros Port\u00e3o e Fazendinha, bem como reuni\u00f5es estrat\u00e9gicas com lideran\u00e7as femininas locais.<\/p>\n<h2>Panorama da disputa eleitoral<\/h2>\n<p>A corrida oficial pela sucess\u00e3o estadual teve in\u00edcio em 16 de agosto, data que liberou a realiza\u00e7\u00e3o de com\u00edcios, caminhadas, propaganda eleitoral na m\u00eddia e pedidos expl\u00edcitos de voto conforme as diretrizes da Justi\u00e7a Eleitoral.<\/p>\n<p>O pleito de 2026 est\u00e1 agendado para o dia 4 de outubro em primeiro turno, com eventual segundo turno marcado para 25 de outubro. No estado, a disputa pelo cargo m\u00e1ximo do Executivo conta com oito candidatos oficializados pelos partidos: Adriano Teixeira (PCO), Alexandre Salom\u00e3o (Mobiliza), Luiz Fran\u00e7a (Miss\u00e3o), Requi\u00e3o Filho (PDT), Samuel Mattos (PSTU), Sandro Alex (PSD), S\u00e9rgio Moro (PL) e Tayn\u00e1 Miessa (UP).<\/p>\n<p>Por Reda\u00e7\u00e3o Acontece<\/p>\n<p>Kayo Magalhaes\/C\u00e2mara dos Deputados<\/p>\n","protected":false},"excerpt":{"rendered":"<p>O candidato ao governo do Paran\u00e1 pelo PSD, Sandro Alex, afirmou recentemente que sua gest\u00e3o pretende blindar a economia paranaense durante a transi\u00e7\u00e3o para o novo modelo de arrecada\u00e7\u00e3o trazido pela reforma tribut\u00e1ria. Reforma tribut\u00e1ria e sa\u00fade financeira Durante sabatina realizada na \u00faltima quinta-feira (3), o pol\u00edtico enfatizou a urg\u00eancia de organizar o territ\u00f3rio paranaense [&hellip;]<\/p>\n","protected":false},"author":0,"featured_media":34710,"comment_status":"open","ping_status":"open","sticky":false,"template":"","format":"standard","meta":{"footnotes":""},"categories":[18],"tags":[],"class_list":["post-34702","post","type-post","status-publish","format-standard","has-post-thumbnail","hentry","category-parana"],"_links":{"self":[{"href":"https:\/\/acontecenafronteira.com.br\/index.php\/wp-json\/wp\/v2\/posts\/34702","targetHints":{"allow":["GET"]}}],"collection":[{"href":"https:\/\/acontecenafronteira.com.br\/index.php\/wp-json\/wp\/v2\/posts"}],"about":[{"href":"https:\/\/acontecenafronteira.com.br\/index.php\/wp-json\/wp\/v2\/types\/post"}],"replies":[{"embeddable":true,"href":"https:\/\/acontecenafronteira.com.br\/index.php\/wp-json\/wp\/v2\/comments?post=34702"}],"version-history":[{"count":1,"href":"https:\/\/acontecenafronteira.com.br\/index.php\/wp-json\/wp\/v2\/posts\/34702\/revisions"}],"predecessor-version":[{"id":34709,"href":"https:\/\/acontecenafronteira.com.br\/index.php\/wp-json\/wp\/v2\/posts\/34702\/revisions\/34709"}],"wp:featuredmedia":[{"embeddable":true,"href":"https:\/\/acontecenafronteira.com.br\/index.php\/wp-json\/wp\/v2\/media\/34710"}],"wp:attachment":[{"href":"https:\/\/acontecenafronteira.com.br\/index.php\/wp-json\/wp\/v2\/media?parent=34702"}],"wp:term":[{"taxonomy":"category","embeddable":true,"href":"https:\/\/acontecenafronteira.com.br\/index.php\/wp-json\/wp\/v2\/categories?post=34702"},{"taxonomy":"post_tag","embeddable":true,"href":"https:\/\/acontecenafronteira.com.br\/index.php\/wp-json\/wp\/v2\/tags?post=34702"}],"curies":[{"name":"wp","href":"https:\/\/api.w.org\/{rel}","templated":true}]}}