{"id":34701,"date":"2026-09-03T20:36:07","date_gmt":"2026-09-03T23:36:07","guid":{"rendered":"https:\/\/acontecenafronteira.com.br\/?p=34701"},"modified":"2026-09-03T20:36:07","modified_gmt":"2026-09-03T23:36:07","slug":"moro-cobra-plano-de-investimentos-da-copel-no-parana","status":"publish","type":"post","link":"https:\/\/acontecenafronteira.com.br\/index.php\/2026\/09\/03\/moro-cobra-plano-de-investimentos-da-copel-no-parana\/","title":{"rendered":"Moro cobra plano de investimentos da Copel no Paran\u00e1"},"content":{"rendered":"<p>Durante sabatina realizada nesta quinta-feira (3), o candidato ao governo do Paran\u00e1 Sergio Moro (PL) afirmou que, caso seja eleito, exigir\u00e1 da Companhia Paranaense de Energia (Copel) um planejamento r\u00edgido de investimentos para solucionar os frequentes apag\u00f5es e falhas no abastecimento el\u00e9trico que afetam o estado.<\/p>\n<h2>Posicionamento sobre a privatiza\u00e7\u00e3o<\/h2>\n<p>O pol\u00edtico do PL destacou que apoia o modelo de desestatiza\u00e7\u00e3o, situando sua gest\u00e3o no espectro de centro-direita, mas fez ressalvas severas quanto \u00e0 qualidade atual da presta\u00e7\u00e3o de servi\u00e7os \u00e0 popula\u00e7\u00e3o paranaense. A inten\u00e7\u00e3o \u00e9 obrigar a concession\u00e1ria a ressarcir os consumidores por eventuais preju\u00edzos causados pelas interrup\u00e7\u00f5es no fornecimento de luz.<\/p>\n<h2>Agenda de campanha e compromissos<\/h2>\n<p>Antes de participar da entrevista na r\u00e1dio Jovem Pan, o candidato iniciou suas atividades matinais gravando programas para o hor\u00e1rio eleitoral gratuito no munic\u00edpio de S\u00e3o Jos\u00e9 dos Pinhais, situado na Regi\u00e3o Metropolitana de Curitiba. Na mesma localidade, ele esteve reunido com integrantes da Associa\u00e7\u00e3o de Moradores e Produtores Rurais, al\u00e9m de realizar uma visita \u00e0 tradicional Col\u00f4nia Murici.<\/p>\n<p>A programa\u00e7\u00e3o do dia seguiu para a capital paranaense com novas capta\u00e7\u00f5es de imagens para a propaganda pol\u00edtica, al\u00e9m de uma entrevista concedida a um portal de not\u00edcias local. O encerramento da agenda ocorreu no interior do estado, com a presen\u00e7a do candidato em um tradicional evento de rodeio na cidade de Astorga, localizada na regi\u00e3o Norte paranaense.<\/p>\n<h2>O cen\u00e1rio da disputa eleitoral<\/h2>\n<p>A corrida pelas urnas em 2026 teve o seu pontap\u00e9 inicial em 16 de agosto em todo o territ\u00f3rio nacional. Desde essa data, a legisla\u00e7\u00e3o eleitoral permite que os postulantes aos cargos p\u00fablicos realizem com\u00edcios, caminhadas, debates, pe\u00e7am votos abertamente e divulguem suas propostas por meio da internet, r\u00e1dio e televis\u00e3o, sempre sob a fiscaliza\u00e7\u00e3o da Justi\u00e7a Eleitoral.<\/p>\n<p>O pleito deste ano tem o primeiro turno marcado para o dia 4 de outubro, enquanto um eventual segundo turno ocorrer\u00e1 em 25 de outubro. No estado, a disputa pelo Pal\u00e1cio Igua\u00e7u conta com oito nomes oficializados pelos partidos pol\u00edticos: Adriano Teixeira (PCO), Alexandre Salom\u00e3o (Mobiliza), Luiz Fran\u00e7a (Miss\u00e3o), Requi\u00e3o Filho (PDT), Samuel Mattos (PSTU), Sandro Alex (PSD), S\u00e9rgio Moro (PL) e Tayn\u00e1 Miessa (UP).<\/p>\n<p>Por Reda\u00e7\u00e3o Acontece<\/p>\n<p>Waldemir Barreto\/Ag\u00eancia Senado<\/p>\n","protected":false},"excerpt":{"rendered":"<p>Durante sabatina realizada nesta quinta-feira (3), o candidato ao governo do Paran\u00e1 Sergio Moro (PL) afirmou que, caso seja eleito, exigir\u00e1 da Companhia Paranaense de Energia (Copel) um planejamento r\u00edgido de investimentos para solucionar os frequentes apag\u00f5es e falhas no abastecimento el\u00e9trico que afetam o estado. Posicionamento sobre a privatiza\u00e7\u00e3o O pol\u00edtico do PL destacou [&hellip;]<\/p>\n","protected":false},"author":0,"featured_media":34708,"comment_status":"open","ping_status":"open","sticky":false,"template":"","format":"standard","meta":{"footnotes":""},"categories":[18],"tags":[],"class_list":["post-34701","post","type-post","status-publish","format-standard","has-post-thumbnail","hentry","category-parana"],"_links":{"self":[{"href":"https:\/\/acontecenafronteira.com.br\/index.php\/wp-json\/wp\/v2\/posts\/34701","targetHints":{"allow":["GET"]}}],"collection":[{"href":"https:\/\/acontecenafronteira.com.br\/index.php\/wp-json\/wp\/v2\/posts"}],"about":[{"href":"https:\/\/acontecenafronteira.com.br\/index.php\/wp-json\/wp\/v2\/types\/post"}],"replies":[{"embeddable":true,"href":"https:\/\/acontecenafronteira.com.br\/index.php\/wp-json\/wp\/v2\/comments?post=34701"}],"version-history":[{"count":1,"href":"https:\/\/acontecenafronteira.com.br\/index.php\/wp-json\/wp\/v2\/posts\/34701\/revisions"}],"predecessor-version":[{"id":34707,"href":"https:\/\/acontecenafronteira.com.br\/index.php\/wp-json\/wp\/v2\/posts\/34701\/revisions\/34707"}],"wp:featuredmedia":[{"embeddable":true,"href":"https:\/\/acontecenafronteira.com.br\/index.php\/wp-json\/wp\/v2\/media\/34708"}],"wp:attachment":[{"href":"https:\/\/acontecenafronteira.com.br\/index.php\/wp-json\/wp\/v2\/media?parent=34701"}],"wp:term":[{"taxonomy":"category","embeddable":true,"href":"https:\/\/acontecenafronteira.com.br\/index.php\/wp-json\/wp\/v2\/categories?post=34701"},{"taxonomy":"post_tag","embeddable":true,"href":"https:\/\/acontecenafronteira.com.br\/index.php\/wp-json\/wp\/v2\/tags?post=34701"}],"curies":[{"name":"wp","href":"https:\/\/api.w.org\/{rel}","templated":true}]}}