{"id":34700,"date":"2026-09-03T20:35:55","date_gmt":"2026-09-03T23:35:55","guid":{"rendered":"https:\/\/acontecenafronteira.com.br\/?p=34700"},"modified":"2026-09-03T20:35:55","modified_gmt":"2026-09-03T23:35:55","slug":"condenados-por-tragedia-com-van-na-br-116-pegam-mais-de-230-anos","status":"publish","type":"post","link":"https:\/\/acontecenafronteira.com.br\/index.php\/2026\/09\/03\/condenados-por-tragedia-com-van-na-br-116-pegam-mais-de-230-anos\/","title":{"rendered":"Condenados por trag\u00e9dia com van na BR-116 pegam mais de 230 anos"},"content":{"rendered":"<p>Um trio de criminosos envolvido em uma tentativa de <strong>assalto a caminh\u00e3o<\/strong> na BR-116, em Campina Grande do Sul (PR), que terminou com a morte de seis pessoas, recebeu condena\u00e7\u00f5es que, somadas, ultrapassam 230 anos de reclus\u00e3o.<\/p>\n<h2>Detalhes do crime na Regi\u00e3o Metropolitana de Curitiba<\/h2>\n<p>O epis\u00f3dio tr\u00e1gico ocorreu na madrugada de 5 de janeiro. Os criminosos utilizaram um caminh\u00e3o roubado para bloquear a pista e interceptar uma carreta, fazendo o motorista ref\u00e9m para tentar realizar um retorno na rodovia. No entanto, o sistema de seguran\u00e7a remoto desativou o ve\u00edculo ao detectar a mudan\u00e7a de rota.<\/p>\n<p>Ao perceberem que a carreta havia parado, os assaltantes soltaram o freio com o objetivo de fazer o ve\u00edculo tombar no acostamento para saquear a carga. Desgovernada, a carreta desceu de r\u00e9 sem ilumina\u00e7\u00e3o e esmagou uma van que transportava um grupo de fi\u00e9is de Campo Largo, que voltavam de um culto religioso realizado em S\u00e3o Paulo. O impacto resultou em seis mortes e deixou 15 feridos.<\/p>\n<h2>Identifica\u00e7\u00e3o das v\u00edtimas fatais<\/h2>\n<p>O grave acidente ceifou a vida de Andreia Fagundes, de 48 anos; Ivanir Maziero, de 66 anos, que atuava como motorista; Airton de Mattos, de 92 anos; Idezio Sim\u00e3o da Silva, de 62 anos; Cleide Salvador Machado da Silva, de 61 anos; e Adriana da Silva Machado, de 42 anos.<\/p>\n<h2>As penas aplicadas pela Justi\u00e7a<\/h2>\n<p>Os r\u00e9us Douglas Radoski Fernandes de Lima, Juliano dos Santos da Silva e Leonardo de Haro do Nascimento foram julgados e condenados por <strong>latroc\u00ednio<\/strong> consumado e tentado, al\u00e9m de associa\u00e7\u00e3o criminosa e roubo majorado. A pris\u00e3o do grupo ocorreu em menos de 48 horas ap\u00f3s a trag\u00e9dia.<\/p>\n<p>Leonardo de Haro do Nascimento foi apontado como l\u00edder do grupo e identificado por reconhecimento facial como o homem mascarado que assumiu a dire\u00e7\u00e3o do caminh\u00e3o no momento do acidente. Ele recebeu a maior pena: 83 anos, 2 meses e 17 dias de pris\u00e3o.<\/p>\n<p>Juliano dos Santos da Silva, que manteve o motorista da carreta sob amea\u00e7a constante durante a a\u00e7\u00e3o criminosa, foi condenado a 68 anos, 3 meses e 5 dias de reclus\u00e3o.<\/p>\n<p>Por fim, Douglas Radoski Fernandes de Lima foi responsabilizado por ter alugado o autom\u00f3vel utilizado pela quadrilha e acabou detido justamente quando devolvia o ve\u00edculo. Sua pena foi fixada em 79 anos, 10 meses e 22 dias de pris\u00e3o.<\/p>\n<p>Apesar de a senten\u00e7a admitir recursos, o magistrado determinou que os tr\u00eas r\u00e9us permane\u00e7am encarcerados durante todo o processo de apela\u00e7\u00e3o.<\/p>\n<p>Por Reda\u00e7\u00e3o Acontece<\/p>\n<p>Reprodu\u00e7\u00e3o \/ Redes Sociais<\/p>\n","protected":false},"excerpt":{"rendered":"<p>Um trio de criminosos envolvido em uma tentativa de assalto a caminh\u00e3o na BR-116, em Campina Grande do Sul (PR), que terminou com a morte de seis pessoas, recebeu condena\u00e7\u00f5es que, somadas, ultrapassam 230 anos de reclus\u00e3o. Detalhes do crime na Regi\u00e3o Metropolitana de Curitiba O epis\u00f3dio tr\u00e1gico ocorreu na madrugada de 5 de janeiro. [&hellip;]<\/p>\n","protected":false},"author":0,"featured_media":34706,"comment_status":"open","ping_status":"open","sticky":false,"template":"","format":"standard","meta":{"footnotes":""},"categories":[18],"tags":[],"class_list":["post-34700","post","type-post","status-publish","format-standard","has-post-thumbnail","hentry","category-parana"],"_links":{"self":[{"href":"https:\/\/acontecenafronteira.com.br\/index.php\/wp-json\/wp\/v2\/posts\/34700","targetHints":{"allow":["GET"]}}],"collection":[{"href":"https:\/\/acontecenafronteira.com.br\/index.php\/wp-json\/wp\/v2\/posts"}],"about":[{"href":"https:\/\/acontecenafronteira.com.br\/index.php\/wp-json\/wp\/v2\/types\/post"}],"replies":[{"embeddable":true,"href":"https:\/\/acontecenafronteira.com.br\/index.php\/wp-json\/wp\/v2\/comments?post=34700"}],"version-history":[{"count":1,"href":"https:\/\/acontecenafronteira.com.br\/index.php\/wp-json\/wp\/v2\/posts\/34700\/revisions"}],"predecessor-version":[{"id":34705,"href":"https:\/\/acontecenafronteira.com.br\/index.php\/wp-json\/wp\/v2\/posts\/34700\/revisions\/34705"}],"wp:featuredmedia":[{"embeddable":true,"href":"https:\/\/acontecenafronteira.com.br\/index.php\/wp-json\/wp\/v2\/media\/34706"}],"wp:attachment":[{"href":"https:\/\/acontecenafronteira.com.br\/index.php\/wp-json\/wp\/v2\/media?parent=34700"}],"wp:term":[{"taxonomy":"category","embeddable":true,"href":"https:\/\/acontecenafronteira.com.br\/index.php\/wp-json\/wp\/v2\/categories?post=34700"},{"taxonomy":"post_tag","embeddable":true,"href":"https:\/\/acontecenafronteira.com.br\/index.php\/wp-json\/wp\/v2\/tags?post=34700"}],"curies":[{"name":"wp","href":"https:\/\/api.w.org\/{rel}","templated":true}]}}