{"id":34699,"date":"2026-09-03T20:35:50","date_gmt":"2026-09-03T23:35:50","guid":{"rendered":"https:\/\/acontecenafronteira.com.br\/?p=34699"},"modified":"2026-09-03T20:35:50","modified_gmt":"2026-09-03T23:35:50","slug":"eleicoes-pr-candidatos-ao-governo-intensificam-campanha","status":"publish","type":"post","link":"https:\/\/acontecenafronteira.com.br\/index.php\/2026\/09\/03\/eleicoes-pr-candidatos-ao-governo-intensificam-campanha\/","title":{"rendered":"Elei\u00e7\u00f5es PR: candidatos ao governo intensificam campanha"},"content":{"rendered":"<p>A disputa pelo Pal\u00e1cio Igua\u00e7u movimentou o estado nesta quinta-feira (3), com os postulantes ao <strong>governo do Paran\u00e1<\/strong> cumprindo agendas intensas de campanha em v\u00e1rias regi\u00f5es paranaenses.<\/p>\n<h2>Compromissos na capital e interior<\/h2>\n<p>Entre sabatinas na imprensa, encontros com o setor produtivo e grava\u00e7\u00f5es para o hor\u00e1rio eleitoral gratuito, os concorrentes buscaram ampliar o di\u00e1logo com o eleitorado paranaense neste per\u00edodo de <b>propaganda eleitoral<\/b>.<\/p>\n<p>Aleijando-se \u00e0s regras da <strong>Justi\u00e7a Eleitoral<\/strong>, que liberou pedidos de votos e com\u00edcios desde o dia 16 de agosto, cada candidato priorizou estrat\u00e9gias distintas para esta fase da corrida ao Executivo estadual.<\/p>\n<h2>Agenda dos principais concorrentes<\/h2>\n<p>Requi\u00e3o Filho (PDT) esteve no Sudoeste paranaense, onde conversou com empres\u00e1rios e lideran\u00e7as da cidade de Dois Vizinhos. J\u00e1 Sandro Alex (PSD) cumpriu agenda em Campo Largo e Curitiba, participando de entrevistas e eventos partid\u00e1rios.<\/p>\n<p>Por sua vez, S\u00e9rgio Moro (PL) passou por sabatina em emissora de r\u00e1dio, gravou programas eleitorais e reuniu-se com produtores rurais na Regi\u00e3o Metropolitana de Curitiba.<\/p>\n<p>Outros nomes da disputa tamb\u00e9m movimentaram o dia: Alexandre Salom\u00e3o (Mobiliza) focou em reuni\u00f5es internas e transmiss\u00e3o ao vivo em Curitiba, Luiz Fran\u00e7a (Miss\u00e3o) esteve em Francisco Beltr\u00e3o, e Samuel Mattos (PSTU) participou de entrevista na UFPR.<\/p>\n<h2>O cen\u00e1rio da disputa em 2026<\/h2>\n<p>O pleito deste ano conta com oito nomes registrados na corrida pelo governo estadual. A vota\u00e7\u00e3o do primeiro turno est\u00e1 marcada para o dia 4 de outubro, enquanto um eventual segundo turno ocorrer\u00e1 em 25 de outubro.<\/p>\n<p>Por Reda\u00e7\u00e3o Acontece<\/p>\n<p>Pal\u00e1cio Igua\u00e7u \/ Governo do Paran\u00e1<\/p>\n","protected":false},"excerpt":{"rendered":"<p>A disputa pelo Pal\u00e1cio Igua\u00e7u movimentou o estado nesta quinta-feira (3), com os postulantes ao governo do Paran\u00e1 cumprindo agendas intensas de campanha em v\u00e1rias regi\u00f5es paranaenses. Compromissos na capital e interior Entre sabatinas na imprensa, encontros com o setor produtivo e grava\u00e7\u00f5es para o hor\u00e1rio eleitoral gratuito, os concorrentes buscaram ampliar o di\u00e1logo com [&hellip;]<\/p>\n","protected":false},"author":0,"featured_media":34704,"comment_status":"open","ping_status":"open","sticky":false,"template":"","format":"standard","meta":{"footnotes":""},"categories":[18],"tags":[],"class_list":["post-34699","post","type-post","status-publish","format-standard","has-post-thumbnail","hentry","category-parana"],"_links":{"self":[{"href":"https:\/\/acontecenafronteira.com.br\/index.php\/wp-json\/wp\/v2\/posts\/34699","targetHints":{"allow":["GET"]}}],"collection":[{"href":"https:\/\/acontecenafronteira.com.br\/index.php\/wp-json\/wp\/v2\/posts"}],"about":[{"href":"https:\/\/acontecenafronteira.com.br\/index.php\/wp-json\/wp\/v2\/types\/post"}],"replies":[{"embeddable":true,"href":"https:\/\/acontecenafronteira.com.br\/index.php\/wp-json\/wp\/v2\/comments?post=34699"}],"version-history":[{"count":1,"href":"https:\/\/acontecenafronteira.com.br\/index.php\/wp-json\/wp\/v2\/posts\/34699\/revisions"}],"predecessor-version":[{"id":34703,"href":"https:\/\/acontecenafronteira.com.br\/index.php\/wp-json\/wp\/v2\/posts\/34699\/revisions\/34703"}],"wp:featuredmedia":[{"embeddable":true,"href":"https:\/\/acontecenafronteira.com.br\/index.php\/wp-json\/wp\/v2\/media\/34704"}],"wp:attachment":[{"href":"https:\/\/acontecenafronteira.com.br\/index.php\/wp-json\/wp\/v2\/media?parent=34699"}],"wp:term":[{"taxonomy":"category","embeddable":true,"href":"https:\/\/acontecenafronteira.com.br\/index.php\/wp-json\/wp\/v2\/categories?post=34699"},{"taxonomy":"post_tag","embeddable":true,"href":"https:\/\/acontecenafronteira.com.br\/index.php\/wp-json\/wp\/v2\/tags?post=34699"}],"curies":[{"name":"wp","href":"https:\/\/api.w.org\/{rel}","templated":true}]}}