{"id":34690,"date":"2026-09-03T19:38:03","date_gmt":"2026-09-03T22:38:03","guid":{"rendered":"https:\/\/acontecenafronteira.com.br\/?p=34690"},"modified":"2026-09-03T19:38:03","modified_gmt":"2026-09-03T22:38:03","slug":"rejeicao-eleitoral-datafolha-aponta-lula-e-flavio-bolsonaro","status":"publish","type":"post","link":"https:\/\/acontecenafronteira.com.br\/index.php\/2026\/09\/03\/rejeicao-eleitoral-datafolha-aponta-lula-e-flavio-bolsonaro\/","title":{"rendered":"Rejei\u00e7\u00e3o eleitoral: Datafolha aponta Lula e Fl\u00e1vio Bolsonaro"},"content":{"rendered":"<p>Levantamento recente do Datafolha divulgado nesta quinta-feira (03) aponta que o senador Fl\u00e1vio Bolsonaro (PL) e o presidente Luiz In\u00e1cio Lula da Silva (PT) lideram os \u00edndices de antipatia do eleitorado brasileiro de olho na disputa presidencial.<\/p>\n<h2>Cen\u00e1rio de rejei\u00e7\u00e3o para 2026<\/h2>\n<p>De acordo com a sondagem, 47% dos entrevistados declaram que <strong>n\u00e3o votariam em Fl\u00e1vio Bolsonaro<\/strong> de maneira alguma no primeiro turno. Logo atr\u00e1s, o atual mandat\u00e1rio do pa\u00eds acumula 45% de rejei\u00e7\u00e3o pelo mesmo crit\u00e9rio.<\/p>\n<h3>Outros nomes na corrida presidencial<\/h3>\n<p>Atr\u00e1s dos dois principais l\u00edderes do levantamento, o governador mineiro Romeu Zema (Novo) registra 16% de rejei\u00e7\u00e3o. Em seguida aparecem Renan Santos (Miss\u00e3o), com 15%; Ronaldo Caiado (PSD), com 13%; e Augusto Cury (Avante), que pontua 9% de recusa entre os eleitores.<\/p>\n<p>Comparando com a rodada anterior de entrevistas, publicada em 21 de agosto, o cen\u00e1rio permaneceu relativamente est\u00e1vel: Fl\u00e1vio oscilou de 46% para 47%, enquanto Lula se manteve exatamente com os mesmos 45%.<\/p>\n<p>O instituto colheu as opini\u00f5es de 2.002 cidad\u00e3os com 16 anos ou mais entre os dias 1\u00ba e 3 de setembro. O estudo possui margem de erro estimada em dois pontos percentuais, para mais ou para menos, e o grau de confiabilidade atinge 95%. O protocolo da pesquisa est\u00e1 devidamente registrado na Justi\u00e7a Eleitoral sob o c\u00f3digo BR-03669\/2026.<\/p>\n<p>Esses n\u00fameros demonstram a polariza\u00e7\u00e3o latente que j\u00e1 desenha o panorama pol\u00edtico nacional para o pr\u00f3ximo pleito, evidenciando os desafios que os principais caciques partid\u00e1rios ter\u00e3o para conquistar o centro do eleitorado.<\/p>\n<p>Por Reda\u00e7\u00e3o Acontece<\/p>\n<p>Foto: Divulga\u00e7\u00e3o\/Datafolha<\/p>\n","protected":false},"excerpt":{"rendered":"<p>Levantamento recente do Datafolha divulgado nesta quinta-feira (03) aponta que o senador Fl\u00e1vio Bolsonaro (PL) e o presidente Luiz In\u00e1cio Lula da Silva (PT) lideram os \u00edndices de antipatia do eleitorado brasileiro de olho na disputa presidencial. Cen\u00e1rio de rejei\u00e7\u00e3o para 2026 De acordo com a sondagem, 47% dos entrevistados declaram que n\u00e3o votariam em [&hellip;]<\/p>\n","protected":false},"author":0,"featured_media":34696,"comment_status":"open","ping_status":"open","sticky":false,"template":"","format":"standard","meta":{"footnotes":""},"categories":[28],"tags":[],"class_list":["post-34690","post","type-post","status-publish","format-standard","has-post-thumbnail","hentry","category-mundo"],"_links":{"self":[{"href":"https:\/\/acontecenafronteira.com.br\/index.php\/wp-json\/wp\/v2\/posts\/34690","targetHints":{"allow":["GET"]}}],"collection":[{"href":"https:\/\/acontecenafronteira.com.br\/index.php\/wp-json\/wp\/v2\/posts"}],"about":[{"href":"https:\/\/acontecenafronteira.com.br\/index.php\/wp-json\/wp\/v2\/types\/post"}],"replies":[{"embeddable":true,"href":"https:\/\/acontecenafronteira.com.br\/index.php\/wp-json\/wp\/v2\/comments?post=34690"}],"version-history":[{"count":1,"href":"https:\/\/acontecenafronteira.com.br\/index.php\/wp-json\/wp\/v2\/posts\/34690\/revisions"}],"predecessor-version":[{"id":34695,"href":"https:\/\/acontecenafronteira.com.br\/index.php\/wp-json\/wp\/v2\/posts\/34690\/revisions\/34695"}],"wp:featuredmedia":[{"embeddable":true,"href":"https:\/\/acontecenafronteira.com.br\/index.php\/wp-json\/wp\/v2\/media\/34696"}],"wp:attachment":[{"href":"https:\/\/acontecenafronteira.com.br\/index.php\/wp-json\/wp\/v2\/media?parent=34690"}],"wp:term":[{"taxonomy":"category","embeddable":true,"href":"https:\/\/acontecenafronteira.com.br\/index.php\/wp-json\/wp\/v2\/categories?post=34690"},{"taxonomy":"post_tag","embeddable":true,"href":"https:\/\/acontecenafronteira.com.br\/index.php\/wp-json\/wp\/v2\/tags?post=34690"}],"curies":[{"name":"wp","href":"https:\/\/api.w.org\/{rel}","templated":true}]}}