{"id":34689,"date":"2026-09-03T19:37:58","date_gmt":"2026-09-03T22:37:58","guid":{"rendered":"https:\/\/acontecenafronteira.com.br\/?p=34689"},"modified":"2026-09-03T19:37:58","modified_gmt":"2026-09-03T22:37:58","slug":"governo-e-uniao-selam-acordo-contra-o-crime-no-rio","status":"publish","type":"post","link":"https:\/\/acontecenafronteira.com.br\/index.php\/2026\/09\/03\/governo-e-uniao-selam-acordo-contra-o-crime-no-rio\/","title":{"rendered":"Governo e Uni\u00e3o selam acordo contra o crime no Rio"},"content":{"rendered":"<p>O governo estadual e o Minist\u00e9rio da Justi\u00e7a e Seguran\u00e7a P\u00fablica firmaram duas alian\u00e7as estrat\u00e9gicas para intensificar o combate \u00e0s organiza\u00e7\u00f5es criminosas no Rio de Janeiro. Os pactos envolvem o uso conjugado de for\u00e7as estaduais e federais em frentes que v\u00e3o desde a retomada de comunidades at\u00e9 a vigil\u00e2ncia rigorosa de importantes rodovias e acessos.<\/p>\n<h2>Estrat\u00e9gia para a reocupa\u00e7\u00e3o de comunidades<\/h2>\n<p>O primeiro termo de coopera\u00e7\u00e3o \u00e9 voltado para a Pol\u00edtica Estadual de Reocupa\u00e7\u00e3o Territorial, contando com o refor\u00e7o da For\u00e7a Nacional, Pol\u00edcia Federal, Pol\u00edcia Rodovi\u00e1ria Federal e Pol\u00edcia Penal Federal. A meta \u00e9 estabelecer uma base permanente do poder p\u00fablico em locais dominados pelo tr\u00e1fico e mil\u00edcias.<\/p>\n<p>Al\u00e9m do aparato policial, o projeto prev\u00ea a introdu\u00e7\u00e3o de melhorias sociais, infraestrutura urbana e facilita\u00e7\u00e3o ao acesso \u00e0 Justi\u00e7a. A coordena\u00e7\u00e3o estadual elaborar\u00e1 Planos T\u00e1ticos espec\u00edficos para cada regi\u00e3o, englobando desde a emiss\u00e3o de documentos at\u00e9 o amparo a grupos vulner\u00e1veis.<\/p>\n<h2>Asfixia financeira das fac\u00e7\u00f5es<\/h2>\n<p>Um dos pilares da parceria \u00e9 a desarticula\u00e7\u00e3o econ\u00f4mica dos grupos criminosos por meio de investiga\u00e7\u00f5es financeiras e patrimoniais aprofundadas.<\/p>\n<p>Para isso, o pacto integra \u00f3rg\u00e3os como a Receita Federal, o Banco Central e o Coaf, viabilizando o bloqueio de bens e a recupera\u00e7\u00e3o de ativos il\u00edcitos. Adicionalmente, haver\u00e1 maior rigor na comunica\u00e7\u00e3o entre os sistemas prisionais federal e estadual para isolar chefes do crime.<\/p>\n<h2>Seguran\u00e7a refor\u00e7ada nas vias expressas<\/h2>\n<p>O segundo acordo concentra esfor\u00e7os na prote\u00e7\u00e3o de corredores log\u00edsticos vitais, priorizando vias como a Avenida Brasil, Linha Vermelha, Linha Amarela e os caminhos at\u00e9 o Porto e o aeroporto internacional.<\/p>\n<p>A opera\u00e7\u00e3o conjunta utilizar\u00e1 tecnologia de ponta, incluindo drones, cercamento eletr\u00f4nico e leitores de placas, com o intuito de coibir roubos de cargas e ve\u00edculos e desmantelar as quadrilhas que operam nesses trechos.<\/p>\n<p>Por Reda\u00e7\u00e3o Acontece<\/p>\n<p>Foto: Divulga\u00e7\u00e3o \/ Governo do RJ<\/p>\n","protected":false},"excerpt":{"rendered":"<p>O governo estadual e o Minist\u00e9rio da Justi\u00e7a e Seguran\u00e7a P\u00fablica firmaram duas alian\u00e7as estrat\u00e9gicas para intensificar o combate \u00e0s organiza\u00e7\u00f5es criminosas no Rio de Janeiro. Os pactos envolvem o uso conjugado de for\u00e7as estaduais e federais em frentes que v\u00e3o desde a retomada de comunidades at\u00e9 a vigil\u00e2ncia rigorosa de importantes rodovias e acessos. [&hellip;]<\/p>\n","protected":false},"author":0,"featured_media":34694,"comment_status":"open","ping_status":"open","sticky":false,"template":"","format":"standard","meta":{"footnotes":""},"categories":[28],"tags":[],"class_list":["post-34689","post","type-post","status-publish","format-standard","has-post-thumbnail","hentry","category-mundo"],"_links":{"self":[{"href":"https:\/\/acontecenafronteira.com.br\/index.php\/wp-json\/wp\/v2\/posts\/34689","targetHints":{"allow":["GET"]}}],"collection":[{"href":"https:\/\/acontecenafronteira.com.br\/index.php\/wp-json\/wp\/v2\/posts"}],"about":[{"href":"https:\/\/acontecenafronteira.com.br\/index.php\/wp-json\/wp\/v2\/types\/post"}],"replies":[{"embeddable":true,"href":"https:\/\/acontecenafronteira.com.br\/index.php\/wp-json\/wp\/v2\/comments?post=34689"}],"version-history":[{"count":1,"href":"https:\/\/acontecenafronteira.com.br\/index.php\/wp-json\/wp\/v2\/posts\/34689\/revisions"}],"predecessor-version":[{"id":34693,"href":"https:\/\/acontecenafronteira.com.br\/index.php\/wp-json\/wp\/v2\/posts\/34689\/revisions\/34693"}],"wp:featuredmedia":[{"embeddable":true,"href":"https:\/\/acontecenafronteira.com.br\/index.php\/wp-json\/wp\/v2\/media\/34694"}],"wp:attachment":[{"href":"https:\/\/acontecenafronteira.com.br\/index.php\/wp-json\/wp\/v2\/media?parent=34689"}],"wp:term":[{"taxonomy":"category","embeddable":true,"href":"https:\/\/acontecenafronteira.com.br\/index.php\/wp-json\/wp\/v2\/categories?post=34689"},{"taxonomy":"post_tag","embeddable":true,"href":"https:\/\/acontecenafronteira.com.br\/index.php\/wp-json\/wp\/v2\/tags?post=34689"}],"curies":[{"name":"wp","href":"https:\/\/api.w.org\/{rel}","templated":true}]}}