{"id":34681,"date":"2026-09-03T19:37:42","date_gmt":"2026-09-03T22:37:42","guid":{"rendered":"https:\/\/acontecenafronteira.com.br\/?p=34681"},"modified":"2026-09-03T19:37:42","modified_gmt":"2026-09-03T22:37:42","slug":"tre-pr-condena-chiquini-e-bettega-por-propaganda-irregular","status":"publish","type":"post","link":"https:\/\/acontecenafronteira.com.br\/index.php\/2026\/09\/03\/tre-pr-condena-chiquini-e-bettega-por-propaganda-irregular\/","title":{"rendered":"TRE-PR condena Chiquini e Bettega por propaganda irregular"},"content":{"rendered":"<p>O Tribunal Regional Eleitoral do Paran\u00e1 (TRE-PR) determinou a condena\u00e7\u00e3o do advogado Jeffrey Chiquini, filiado ao partido NOVO, e do vereador curitibano Jo\u00e3o Bettega, integrante do PL, devido \u00e0 pr\u00e1tica de propaganda eleitoral irregular direcionada contra o deputado estadual Renato Freitas.<\/p>\n<h2>Detalhes da decis\u00e3o judicial<\/h2>\n<p>A senten\u00e7a proferida pela corte eleitoral paranaense aponta que os acusados veicularam conte\u00fados considerados irregulares durante o per\u00edodo de campanha, violando as normativas estabelecidas pela legisla\u00e7\u00e3o eleitoral vigente no pa\u00eds.<\/p>\n<h2>Impacto pol\u00edtico no cen\u00e1rio paranaense<\/h2>\n<p>O processo envolve figuras p\u00fablicas de destaque na pol\u00edtica local e gerou repercuss\u00e3o significativa nos bastidores partid\u00e1rios do estado, reacendendo debates sobre os limites da propaga\u00e7\u00e3o de informa\u00e7\u00f5es e ataques pol\u00edticos nas redes sociais e plataformas digitais.<\/p>\n<p>As defesas dos pol\u00edticos envolvidos ainda podem recorrer da decis\u00e3o nos \u00f3rg\u00e3os competentes, enquanto o cen\u00e1rio jur\u00eddico e eleitoral local segue monitorando os desdobramentos legais deste caso que envolve mandatos e candidaturas na regi\u00e3o.<\/p>\n<p>Por Reda\u00e7\u00e3o Acontece<\/p>\n<p>Cr\u00e9ditos da imagem: Reprodu\u00e7\u00e3o \/ Redes Sociais<\/p>\n","protected":false},"excerpt":{"rendered":"<p>O Tribunal Regional Eleitoral do Paran\u00e1 (TRE-PR) determinou a condena\u00e7\u00e3o do advogado Jeffrey Chiquini, filiado ao partido NOVO, e do vereador curitibano Jo\u00e3o Bettega, integrante do PL, devido \u00e0 pr\u00e1tica de propaganda eleitoral irregular direcionada contra o deputado estadual Renato Freitas. Detalhes da decis\u00e3o judicial A senten\u00e7a proferida pela corte eleitoral paranaense aponta que os [&hellip;]<\/p>\n","protected":false},"author":0,"featured_media":34688,"comment_status":"open","ping_status":"open","sticky":false,"template":"","format":"standard","meta":{"footnotes":""},"categories":[18],"tags":[],"class_list":["post-34681","post","type-post","status-publish","format-standard","has-post-thumbnail","hentry","category-parana"],"_links":{"self":[{"href":"https:\/\/acontecenafronteira.com.br\/index.php\/wp-json\/wp\/v2\/posts\/34681","targetHints":{"allow":["GET"]}}],"collection":[{"href":"https:\/\/acontecenafronteira.com.br\/index.php\/wp-json\/wp\/v2\/posts"}],"about":[{"href":"https:\/\/acontecenafronteira.com.br\/index.php\/wp-json\/wp\/v2\/types\/post"}],"replies":[{"embeddable":true,"href":"https:\/\/acontecenafronteira.com.br\/index.php\/wp-json\/wp\/v2\/comments?post=34681"}],"version-history":[{"count":1,"href":"https:\/\/acontecenafronteira.com.br\/index.php\/wp-json\/wp\/v2\/posts\/34681\/revisions"}],"predecessor-version":[{"id":34687,"href":"https:\/\/acontecenafronteira.com.br\/index.php\/wp-json\/wp\/v2\/posts\/34681\/revisions\/34687"}],"wp:featuredmedia":[{"embeddable":true,"href":"https:\/\/acontecenafronteira.com.br\/index.php\/wp-json\/wp\/v2\/media\/34688"}],"wp:attachment":[{"href":"https:\/\/acontecenafronteira.com.br\/index.php\/wp-json\/wp\/v2\/media?parent=34681"}],"wp:term":[{"taxonomy":"category","embeddable":true,"href":"https:\/\/acontecenafronteira.com.br\/index.php\/wp-json\/wp\/v2\/categories?post=34681"},{"taxonomy":"post_tag","embeddable":true,"href":"https:\/\/acontecenafronteira.com.br\/index.php\/wp-json\/wp\/v2\/tags?post=34681"}],"curies":[{"name":"wp","href":"https:\/\/api.w.org\/{rel}","templated":true}]}}