{"id":34678,"date":"2026-09-03T19:37:33","date_gmt":"2026-09-03T22:37:33","guid":{"rendered":"https:\/\/acontecenafronteira.com.br\/?p=34678"},"modified":"2026-09-03T19:37:33","modified_gmt":"2026-09-03T22:37:33","slug":"cascavel-busca-recuperacao-fora-de-casa-na-copa-parana","status":"publish","type":"post","link":"https:\/\/acontecenafronteira.com.br\/index.php\/2026\/09\/03\/cascavel-busca-recuperacao-fora-de-casa-na-copa-parana\/","title":{"rendered":"Cascavel busca recupera\u00e7\u00e3o fora de casa na Copa Paran\u00e1"},"content":{"rendered":"<p>O Cascavel ter\u00e1 o desafio de recuperar os pontos perdidos longe de seus dom\u00ednios na sequ\u00eancia da Copa Paran\u00e1, ap\u00f3s iniciar a competi\u00e7\u00e3o com um resultado negativo.<\/p>\n<h2>Estreia dif\u00edcil no torneio<\/h2>\n<p>A equipe aurinegra estreou na competi\u00e7\u00e3o com um rev\u00e9s por 3 a 1 diante do Foz do Igua\u00e7u, atuando em seus dom\u00ednios. A derrota logo na primeira rodada acendeu o alerta na comiss\u00e3o t\u00e9cnica e exige uma postura diferente nos pr\u00f3ximos compromissos para manter vivo o objetivo de avan\u00e7ar no campeonato.<\/p>\n<h2>Viagem para a capital<\/h2>\n<p>Para tentar reverter o cen\u00e1rio desfavor\u00e1vel, a delega\u00e7\u00e3o do Cascavel embarca nesta sexta-feira rumo a Curitiba. O objetivo principal da viagem \u00e9 ajustar os detalhes finais e buscar a reabilita\u00e7\u00e3o imediata longe de sua torcida.<\/p>\n<p>Conquistar um resultado positivo na capital paranaense \u00e9 fundamental para as pretisi\u00f5es do clube na tabela de classifica\u00e7\u00e3o, injetando \u00e2nimo no elenco para a sequ\u00eancia da primeira fase.<\/p>\n<p>O confronto fora de casa servir\u00e1 como um verdadeiro teste de resili\u00eancia para o grupo comandado pela comiss\u00e3o t\u00e9cnica, que trabalhou intensamente ao longo da semana para corrigir os erros cometidos na rodada inaugural.<\/p>\n<p>A partida longe de casa representa um momento decisivo para o clube reorganizar sua estrat\u00e9gia no torneio e mostrar for\u00e7a como visitante.<\/p>\n<p>Por Reda\u00e7\u00e3o Acontece<\/p>\n<p>Cr\u00e9ditos da imagem: Divulga\u00e7\u00e3o\/FC Cascavel<\/p>\n","protected":false},"excerpt":{"rendered":"<p>O Cascavel ter\u00e1 o desafio de recuperar os pontos perdidos longe de seus dom\u00ednios na sequ\u00eancia da Copa Paran\u00e1, ap\u00f3s iniciar a competi\u00e7\u00e3o com um resultado negativo. Estreia dif\u00edcil no torneio A equipe aurinegra estreou na competi\u00e7\u00e3o com um rev\u00e9s por 3 a 1 diante do Foz do Igua\u00e7u, atuando em seus dom\u00ednios. A derrota [&hellip;]<\/p>\n","protected":false},"author":0,"featured_media":34683,"comment_status":"open","ping_status":"open","sticky":false,"template":"","format":"standard","meta":{"footnotes":""},"categories":[18],"tags":[],"class_list":["post-34678","post","type-post","status-publish","format-standard","has-post-thumbnail","hentry","category-parana"],"_links":{"self":[{"href":"https:\/\/acontecenafronteira.com.br\/index.php\/wp-json\/wp\/v2\/posts\/34678","targetHints":{"allow":["GET"]}}],"collection":[{"href":"https:\/\/acontecenafronteira.com.br\/index.php\/wp-json\/wp\/v2\/posts"}],"about":[{"href":"https:\/\/acontecenafronteira.com.br\/index.php\/wp-json\/wp\/v2\/types\/post"}],"replies":[{"embeddable":true,"href":"https:\/\/acontecenafronteira.com.br\/index.php\/wp-json\/wp\/v2\/comments?post=34678"}],"version-history":[{"count":1,"href":"https:\/\/acontecenafronteira.com.br\/index.php\/wp-json\/wp\/v2\/posts\/34678\/revisions"}],"predecessor-version":[{"id":34682,"href":"https:\/\/acontecenafronteira.com.br\/index.php\/wp-json\/wp\/v2\/posts\/34678\/revisions\/34682"}],"wp:featuredmedia":[{"embeddable":true,"href":"https:\/\/acontecenafronteira.com.br\/index.php\/wp-json\/wp\/v2\/media\/34683"}],"wp:attachment":[{"href":"https:\/\/acontecenafronteira.com.br\/index.php\/wp-json\/wp\/v2\/media?parent=34678"}],"wp:term":[{"taxonomy":"category","embeddable":true,"href":"https:\/\/acontecenafronteira.com.br\/index.php\/wp-json\/wp\/v2\/categories?post=34678"},{"taxonomy":"post_tag","embeddable":true,"href":"https:\/\/acontecenafronteira.com.br\/index.php\/wp-json\/wp\/v2\/tags?post=34678"}],"curies":[{"name":"wp","href":"https:\/\/api.w.org\/{rel}","templated":true}]}}