{"id":34673,"date":"2026-09-03T19:36:42","date_gmt":"2026-09-03T22:36:42","guid":{"rendered":"https:\/\/acontecenafronteira.com.br\/?p=34673"},"modified":"2026-09-03T19:36:42","modified_gmt":"2026-09-03T22:36:42","slug":"mercado-imobiliario-em-chapeco-dispara-rumo-aos-300-mil-habitantes","status":"publish","type":"post","link":"https:\/\/acontecenafronteira.com.br\/index.php\/2026\/09\/03\/mercado-imobiliario-em-chapeco-dispara-rumo-aos-300-mil-habitantes\/","title":{"rendered":"Mercado imobili\u00e1rio em Chapec\u00f3 dispara rumo aos 300 mil habitantes"},"content":{"rendered":"<p>O mercado imobili\u00e1rio em Chapec\u00f3 vive um momento de forte expans\u00e3o, impulsionado pelo salto demogr\u00e1fico que aproxima o munic\u00edpio da marca de 300 mil moradores. Recentemente, a cidade catarinense se destacou ao movimentar mais de R$ 1 bilh\u00e3o em neg\u00f3cios durante o tradicional Sal\u00e3o do Im\u00f3vel, evento que reuniu milhares de visitantes e dezenas de expositores no Parque da Efapi.<\/p>\n<h2>O crescimento demogr\u00e1fico e o impacto na constru\u00e7\u00e3o civil<\/h2>\n<p>As proje\u00e7\u00f5es recentes do IBGE apontam que a popula\u00e7\u00e3o local ultrapassou 289 mil pessoas, consolidando um ritmo acelerado de expans\u00e3o se comparado \u00e0s d\u00e9cadas anteriores. Esse fluxo cont\u00ednuo de novos moradores gera uma press\u00e3o constante por moradias, refletida na aprova\u00e7\u00e3o de milh\u00f5es de metros quadrados de constru\u00e7\u00e3o, al\u00e9m de dezenas de novos loteamentos e condom\u00ednios fechados autorizados pela gest\u00e3o municipal nos \u00faltimos anos.<\/p>\n<h2>Diversifica\u00e7\u00e3o e novos perfis de consumo<\/h2>\n<p>Mais do que o aumento no volume de obras, o setor urbano catarinense demonstra um amadurecimento not\u00e1vel na variedade de produtos oferecidos. Desde o segmento econ\u00f4mico at\u00e9 alternativas voltadas ao programa Minha Casa, Minha Vida, o mercado passou a atender diferentes faixas de renda e estilos de vida com projetos modernos.<\/p>\n<p>No outro extremo, incorporadoras apostam em empreendimentos de alto padr\u00e3o focados em experi\u00eancias exclusivas, arquitetura autoral e conceitos internacionais, como as chamadas <em>branded residences<\/em>. A cria\u00e7\u00e3o de polos residenciais valorizados e condom\u00ednios horizontais integrados \u00e0 din\u00e2mica urbana tamb\u00e9m redefinem as prefer\u00eancias de quem busca seguran\u00e7a sem abrir m\u00e3o da proximidade com o centro.<\/p>\n<h2>Tecnologia e os desafios da nova escala urbana<\/h2>\n<p>Paralelamente aos neg\u00f3cios imobili\u00e1rios, debates sobre inova\u00e7\u00e3o e efici\u00eancia marcaram eventos do setor, como a feira Techcon. Discuss\u00f5es voltadas \u00e0 produtividade, metodologias \u00e1geis e uso de tecnologia nos canteiros de obras evidenciam a busca por processos construtivos mais inteligentes e sustent\u00e1veis.<\/p>\n<p>Com uma economia regional din\u00e2mica e infraestrutura em constante adapta\u00e7\u00e3o, o munic\u00edpio avan\u00e7a para um patamar onde planejar o crescimento urbano torna-se t\u00e3o vital quanto erguer novos edif\u00edcios. A chegada a essa nova fase urbana exige das construtoras e planejadores um olhar estrat\u00e9gico, garantindo que o desenvolvimento caminhe lado a lado com a qualidade de vida da popula\u00e7\u00e3o.<\/p>\n<p>Por Reda\u00e7\u00e3o Acontece<\/p>\n<p>Divulga\u00e7\u00e3o: Sal\u00e3o Im\u00f3vel Chapec\u00f3<\/p>\n","protected":false},"excerpt":{"rendered":"<p>O mercado imobili\u00e1rio em Chapec\u00f3 vive um momento de forte expans\u00e3o, impulsionado pelo salto demogr\u00e1fico que aproxima o munic\u00edpio da marca de 300 mil moradores. Recentemente, a cidade catarinense se destacou ao movimentar mais de R$ 1 bilh\u00e3o em neg\u00f3cios durante o tradicional Sal\u00e3o do Im\u00f3vel, evento que reuniu milhares de visitantes e dezenas de [&hellip;]<\/p>\n","protected":false},"author":0,"featured_media":34676,"comment_status":"open","ping_status":"open","sticky":false,"template":"","format":"standard","meta":{"footnotes":""},"categories":[18],"tags":[],"class_list":["post-34673","post","type-post","status-publish","format-standard","has-post-thumbnail","hentry","category-parana"],"_links":{"self":[{"href":"https:\/\/acontecenafronteira.com.br\/index.php\/wp-json\/wp\/v2\/posts\/34673","targetHints":{"allow":["GET"]}}],"collection":[{"href":"https:\/\/acontecenafronteira.com.br\/index.php\/wp-json\/wp\/v2\/posts"}],"about":[{"href":"https:\/\/acontecenafronteira.com.br\/index.php\/wp-json\/wp\/v2\/types\/post"}],"replies":[{"embeddable":true,"href":"https:\/\/acontecenafronteira.com.br\/index.php\/wp-json\/wp\/v2\/comments?post=34673"}],"version-history":[{"count":1,"href":"https:\/\/acontecenafronteira.com.br\/index.php\/wp-json\/wp\/v2\/posts\/34673\/revisions"}],"predecessor-version":[{"id":34675,"href":"https:\/\/acontecenafronteira.com.br\/index.php\/wp-json\/wp\/v2\/posts\/34673\/revisions\/34675"}],"wp:featuredmedia":[{"embeddable":true,"href":"https:\/\/acontecenafronteira.com.br\/index.php\/wp-json\/wp\/v2\/media\/34676"}],"wp:attachment":[{"href":"https:\/\/acontecenafronteira.com.br\/index.php\/wp-json\/wp\/v2\/media?parent=34673"}],"wp:term":[{"taxonomy":"category","embeddable":true,"href":"https:\/\/acontecenafronteira.com.br\/index.php\/wp-json\/wp\/v2\/categories?post=34673"},{"taxonomy":"post_tag","embeddable":true,"href":"https:\/\/acontecenafronteira.com.br\/index.php\/wp-json\/wp\/v2\/tags?post=34673"}],"curies":[{"name":"wp","href":"https:\/\/api.w.org\/{rel}","templated":true}]}}