{"id":34645,"date":"2026-09-03T17:37:39","date_gmt":"2026-09-03T20:37:39","guid":{"rendered":"https:\/\/acontecenafronteira.com.br\/?p=34645"},"modified":"2026-09-03T17:37:39","modified_gmt":"2026-09-03T20:37:39","slug":"macaco-ameacado-ganha-nova-parceira-em-parque-na-amazonia","status":"publish","type":"post","link":"https:\/\/acontecenafronteira.com.br\/index.php\/2026\/09\/03\/macaco-ameacado-ganha-nova-parceira-em-parque-na-amazonia\/","title":{"rendered":"Macaco amea\u00e7ado ganha nova parceira em parque na Amaz\u00f4nia"},"content":{"rendered":"<p>Conhecido como o &#8220;solteir\u00e3o&#8221; do parque, o macaco Amendoim, da esp\u00e9cie sauim-de-coleira, ganhou uma companheira na \u00faltima quarta-feira no BioParque Vale Amaz\u00f4nia, situado em Caraj\u00e1s, no Par\u00e1. A f\u00eamea Pa\u00e7oca chegou ao local para formar um par com o animal, uni\u00e3o que tem como principal objetivo auxiliar na conserva\u00e7\u00e3o de uma das esp\u00e9cies mais amea\u00e7adas de extin\u00e7\u00e3o em todo o planeta.<\/p>\n<h2>O desafio da conserva\u00e7\u00e3o do sauim-de-coleira<\/h2>\n<p>\nClassificada oficialmente como em perigo de extin\u00e7\u00e3o pelo Instituto Chico Mendes de Conserva\u00e7\u00e3o da Biodiversidade, a esp\u00e9cie tem seu habitat natural drasticamente restrito, principalmente no estado do Amazonas. A sobreviv\u00eancia desses animais enfrenta constantes amea\u00e7as devido ao avan\u00e7o do desmatamento e \u00e0 forte expans\u00e3o urbana na regi\u00e3o.<\/p>\n<h2>Chegada de Pa\u00e7oca e os pr\u00f3ximos passos<\/h2>\n<p>\nOriginada de Manaus, a f\u00eamea desembarcou no Par\u00e1 trazendo consigo outros dois animais da mesma esp\u00e9cie: um filhote e um jovem, que foram anteriormente abandonados e acabaram sendo adotados por ela. Atualmente, o novo grupo cumpre um rigoroso per\u00edodo de quarentena, recebendo atendimento veterin\u00e1rio especializado e ambientando-se ao novo espa\u00e7o com total seguran\u00e7a.<\/p>\n<p>A integra\u00e7\u00e3o com o &#8220;solteir\u00e3o&#8221; acontecer\u00e1 de forma gradual ap\u00f3s essa etapa inicial. Segundo a equipe t\u00e9cnica do santu\u00e1rio ecol\u00f3gico, a previs\u00e3o \u00e9 de que os animais possam ficar juntos em aproximadamente quatro meses, embora esse per\u00edodo possa ser ajustado conforme a individualidade e o ritmo de adapta\u00e7\u00e3o de cada macaco.<\/p>\n<h2>Hist\u00f3rico de resgate e caracter\u00edsticas da esp\u00e9cie<\/h2>\n<p>\nAmendoim reside no BioParque desde dezembro de 2022, ap\u00f3s ser transferido pelo Centro de Triagem de Animais Silvestres de Manaus. Ele sobreviveu a um ataque de c\u00e3es que resultou na morte do exemplar adulto que o acompanhava, o qual provavelmente era seu pai. O recinto faz parte da Associa\u00e7\u00e3o de Zool\u00f3gicos e Aqu\u00e1rios do Brasil, colaborando diretamente com \u00f3rg\u00e3os governamentais para proteger a integridade gen\u00e9tica de bichos amea\u00e7ados.<\/p>\n<p>O sauim-de-coleira destaca-se por seu porte pequeno, medindo entre 30 e 42 cent\u00edmetros e pesando cerca de 450 a 600 gramas. O nome popular da esp\u00e9cie \u00e9 uma refer\u00eancia direta \u00e0 chamativa pelagem branca em formato de coleira que envolve sua cabe\u00e7a, pesco\u00e7o e peito.<\/p>\n<p>Por Reda\u00e7\u00e3o Acontece<\/p>\n<p>Imagem: Divulga\u00e7\u00e3o \/ BioParque Vale Amaz\u00f4nia<\/p>\n","protected":false},"excerpt":{"rendered":"<p>Conhecido como o &#8220;solteir\u00e3o&#8221; do parque, o macaco Amendoim, da esp\u00e9cie sauim-de-coleira, ganhou uma companheira na \u00faltima quarta-feira no BioParque Vale Amaz\u00f4nia, situado em Caraj\u00e1s, no Par\u00e1. A f\u00eamea Pa\u00e7oca chegou ao local para formar um par com o animal, uni\u00e3o que tem como principal objetivo auxiliar na conserva\u00e7\u00e3o de uma das esp\u00e9cies mais amea\u00e7adas [&hellip;]<\/p>\n","protected":false},"author":0,"featured_media":34652,"comment_status":"open","ping_status":"open","sticky":false,"template":"","format":"standard","meta":{"footnotes":""},"categories":[28],"tags":[],"class_list":["post-34645","post","type-post","status-publish","format-standard","has-post-thumbnail","hentry","category-mundo"],"_links":{"self":[{"href":"https:\/\/acontecenafronteira.com.br\/index.php\/wp-json\/wp\/v2\/posts\/34645","targetHints":{"allow":["GET"]}}],"collection":[{"href":"https:\/\/acontecenafronteira.com.br\/index.php\/wp-json\/wp\/v2\/posts"}],"about":[{"href":"https:\/\/acontecenafronteira.com.br\/index.php\/wp-json\/wp\/v2\/types\/post"}],"replies":[{"embeddable":true,"href":"https:\/\/acontecenafronteira.com.br\/index.php\/wp-json\/wp\/v2\/comments?post=34645"}],"version-history":[{"count":1,"href":"https:\/\/acontecenafronteira.com.br\/index.php\/wp-json\/wp\/v2\/posts\/34645\/revisions"}],"predecessor-version":[{"id":34651,"href":"https:\/\/acontecenafronteira.com.br\/index.php\/wp-json\/wp\/v2\/posts\/34645\/revisions\/34651"}],"wp:featuredmedia":[{"embeddable":true,"href":"https:\/\/acontecenafronteira.com.br\/index.php\/wp-json\/wp\/v2\/media\/34652"}],"wp:attachment":[{"href":"https:\/\/acontecenafronteira.com.br\/index.php\/wp-json\/wp\/v2\/media?parent=34645"}],"wp:term":[{"taxonomy":"category","embeddable":true,"href":"https:\/\/acontecenafronteira.com.br\/index.php\/wp-json\/wp\/v2\/categories?post=34645"},{"taxonomy":"post_tag","embeddable":true,"href":"https:\/\/acontecenafronteira.com.br\/index.php\/wp-json\/wp\/v2\/tags?post=34645"}],"curies":[{"name":"wp","href":"https:\/\/api.w.org\/{rel}","templated":true}]}}