{"id":34643,"date":"2026-09-03T17:36:56","date_gmt":"2026-09-03T20:36:56","guid":{"rendered":"https:\/\/acontecenafronteira.com.br\/?p=34643"},"modified":"2026-09-03T17:36:56","modified_gmt":"2026-09-03T20:36:56","slug":"spacex-e-blue-origin-cancelam-ida-a-cupula-em-paris","status":"publish","type":"post","link":"https:\/\/acontecenafronteira.com.br\/index.php\/2026\/09\/03\/spacex-e-blue-origin-cancelam-ida-a-cupula-em-paris\/","title":{"rendered":"SpaceX e Blue Origin cancelam ida a c\u00fapula em Paris"},"content":{"rendered":"<p>Quatro companhias aeroespaciais dos Estados Unidos, com destaque para a <b>SpaceX<\/b>, liderada por Elon Musk, desistiram de comparecer \u00e0 C\u00fapula Espacial Internacional em Paris, agendada para os dias 9 e 10 de setembro.<\/p>\n<h2>Press\u00e3o pol\u00edtica e diplomacia espacial<\/h2>\n<p>O Minist\u00e9rio do Ensino Superior, Pesquisa e Espa\u00e7o da Fran\u00e7a relatou que a decis\u00e3o das firmas norte-americanas dificilmente est\u00e1 desassociada das especula\u00e7\u00f5es sobre press\u00f5es pol\u00edticas divulgadas pela imprensa. A pasta refor\u00e7ou o desejo de manter a colabora\u00e7\u00e3o com os aliados dos Estados Unidos.<\/p>\n<p>Al\u00e9m da empresa de Musk e da <b>Blue Origin<\/b>, pertencente a Jeff Bezos, as startups Stoke Space e Starcloud tamb\u00e9m abandonaram o evento organizado em solo franc\u00eas.<\/p>\n<h2>Repercuss\u00e3o internacional e contexto pol\u00edtico<\/h2>\n<p>A recusa ocorre ap\u00f3s o ve\u00edculo de imprensa Politico revelar que a administra\u00e7\u00e3o dos EUA estaria desestimulando a presen\u00e7a de companhias nacionais no evento idealizado pelo presidente Emmanuel Macron.<\/p>\n<p>Em contrapartida, um representante do governo estadunidense afirmou que a gest\u00e3o de Donald Trump mant\u00e9m a coopera\u00e7\u00e3o com parceiros internacionais na \u00e1rea aeroespacial e celebrou os di\u00e1logos produtivos sobre seguran\u00e7a, explora\u00e7\u00e3o e ci\u00eancia.<\/p>\n<p>O cen\u00e1rio reflete um momento de tens\u00f5es diplom\u00e1ticas entre Washington e governos europeus, marcadas por impasses tarif\u00e1rios e estrat\u00e9gias geopol\u00edticas distintas.<\/p>\n<p>Copresidida por autoridades francesas e alem\u00e3s no Grand Palais, a confer\u00eancia tem a miss\u00e3o de congregar representantes de cerca de 120 na\u00e7\u00f5es para discutir o futuro e os desafios do <b>setor espacial<\/b>.<\/p>\n<p>Por Reda\u00e7\u00e3o Acontece<\/p>\n<p>Cr\u00e9ditos da imagem: Divulga\u00e7\u00e3o<\/p>\n","protected":false},"excerpt":{"rendered":"<p>Quatro companhias aeroespaciais dos Estados Unidos, com destaque para a SpaceX, liderada por Elon Musk, desistiram de comparecer \u00e0 C\u00fapula Espacial Internacional em Paris, agendada para os dias 9 e 10 de setembro. Press\u00e3o pol\u00edtica e diplomacia espacial O Minist\u00e9rio do Ensino Superior, Pesquisa e Espa\u00e7o da Fran\u00e7a relatou que a decis\u00e3o das firmas norte-americanas [&hellip;]<\/p>\n","protected":false},"author":0,"featured_media":34648,"comment_status":"open","ping_status":"open","sticky":false,"template":"","format":"standard","meta":{"footnotes":""},"categories":[28],"tags":[],"class_list":["post-34643","post","type-post","status-publish","format-standard","has-post-thumbnail","hentry","category-mundo"],"_links":{"self":[{"href":"https:\/\/acontecenafronteira.com.br\/index.php\/wp-json\/wp\/v2\/posts\/34643","targetHints":{"allow":["GET"]}}],"collection":[{"href":"https:\/\/acontecenafronteira.com.br\/index.php\/wp-json\/wp\/v2\/posts"}],"about":[{"href":"https:\/\/acontecenafronteira.com.br\/index.php\/wp-json\/wp\/v2\/types\/post"}],"replies":[{"embeddable":true,"href":"https:\/\/acontecenafronteira.com.br\/index.php\/wp-json\/wp\/v2\/comments?post=34643"}],"version-history":[{"count":1,"href":"https:\/\/acontecenafronteira.com.br\/index.php\/wp-json\/wp\/v2\/posts\/34643\/revisions"}],"predecessor-version":[{"id":34647,"href":"https:\/\/acontecenafronteira.com.br\/index.php\/wp-json\/wp\/v2\/posts\/34643\/revisions\/34647"}],"wp:featuredmedia":[{"embeddable":true,"href":"https:\/\/acontecenafronteira.com.br\/index.php\/wp-json\/wp\/v2\/media\/34648"}],"wp:attachment":[{"href":"https:\/\/acontecenafronteira.com.br\/index.php\/wp-json\/wp\/v2\/media?parent=34643"}],"wp:term":[{"taxonomy":"category","embeddable":true,"href":"https:\/\/acontecenafronteira.com.br\/index.php\/wp-json\/wp\/v2\/categories?post=34643"},{"taxonomy":"post_tag","embeddable":true,"href":"https:\/\/acontecenafronteira.com.br\/index.php\/wp-json\/wp\/v2\/tags?post=34643"}],"curies":[{"name":"wp","href":"https:\/\/api.w.org\/{rel}","templated":true}]}}