{"id":34634,"date":"2026-09-03T17:36:34","date_gmt":"2026-09-03T20:36:34","guid":{"rendered":"https:\/\/acontecenafronteira.com.br\/?p=34634"},"modified":"2026-09-03T17:36:34","modified_gmt":"2026-09-03T20:36:34","slug":"pfdc-critica-pec-da-seguranca-por-risco-a-direitos","status":"publish","type":"post","link":"https:\/\/acontecenafronteira.com.br\/index.php\/2026\/09\/03\/pfdc-critica-pec-da-seguranca-por-risco-a-direitos\/","title":{"rendered":"PFDC critica PEC da Seguran\u00e7a por risco a direitos"},"content":{"rendered":"<p>A Procuradoria Federal dos Direitos do Cidad\u00e3o (PFDC), ligada ao Minist\u00e9rio P\u00fablico Federal, manifestou forte oposi\u00e7\u00e3o \u00e0 Proposta de Emenda \u00e0 Constitui\u00e7\u00e3o (PEC) da Seguran\u00e7a P\u00fablica. Em nota t\u00e9cnica recente, o \u00f3rg\u00e3o alertou que o texto atual apresenta amea\u00e7as concretas aos direitos fundamentais e \u00e0 autonomia dos estados.<\/p>\n<h2>Riscos ao pacto federativo<\/h2>\n<p>O documento elaborado pelo MPF aponta que a iniciativa de centralizar diretrizes de seguran\u00e7a pode desequilibrar o pacto federativo estabelecido pela Constitui\u00e7\u00e3o de 1988. Para a procuradoria, a imposi\u00e7\u00e3o de modelos padronizados ignora as realidades locais e regionais da criminalidade no Brasil.<\/p>\n<h2>Amea\u00e7a \u00e0s garantias constitucionais<\/h2>\n<p>Outro ponto de forte preocupa\u00e7\u00e3o levantado pela PFDC diz respeito \u00e0 salvaguarda das liberdades individuais. Os procuradores destacam que medidas en\u00e9rgicas sem o devido controle democr\u00e1tico podem abrir margem para abusos e restri\u00e7\u00f5es indevidas a direitos b\u00e1sicos da popula\u00e7\u00e3o.<\/p>\n<p>A nota t\u00e9cnica enfatiza que a moderniza\u00e7\u00e3o do sistema policial deve caminhar lado a lado com o respeito intransigente aos preceitos democr\u00e1ticos, evitando solu\u00e7\u00f5es que priorizem a repress\u00e3o em detrimento da cidadania.<\/p>\n<p>O debate em torno da PEC da Seguran\u00e7a P\u00fablica segue gerando intensas discuss\u00f5es entre especialistas, parlamentares e \u00f3rg\u00e3os de controle, que buscam alternativas equilibradas para o combate \u00e0 criminalidade no pa\u00eds.<\/p>\n<p>Por Reda\u00e7\u00e3o Acontece<\/p>\n<p>Cr\u00e9ditos da imagem: Ag\u00eancia Brasil<\/p>\n","protected":false},"excerpt":{"rendered":"<p>A Procuradoria Federal dos Direitos do Cidad\u00e3o (PFDC), ligada ao Minist\u00e9rio P\u00fablico Federal, manifestou forte oposi\u00e7\u00e3o \u00e0 Proposta de Emenda \u00e0 Constitui\u00e7\u00e3o (PEC) da Seguran\u00e7a P\u00fablica. Em nota t\u00e9cnica recente, o \u00f3rg\u00e3o alertou que o texto atual apresenta amea\u00e7as concretas aos direitos fundamentais e \u00e0 autonomia dos estados. Riscos ao pacto federativo O documento elaborado [&hellip;]<\/p>\n","protected":false},"author":0,"featured_media":34642,"comment_status":"open","ping_status":"open","sticky":false,"template":"","format":"standard","meta":{"footnotes":""},"categories":[18],"tags":[],"class_list":["post-34634","post","type-post","status-publish","format-standard","has-post-thumbnail","hentry","category-parana"],"_links":{"self":[{"href":"https:\/\/acontecenafronteira.com.br\/index.php\/wp-json\/wp\/v2\/posts\/34634","targetHints":{"allow":["GET"]}}],"collection":[{"href":"https:\/\/acontecenafronteira.com.br\/index.php\/wp-json\/wp\/v2\/posts"}],"about":[{"href":"https:\/\/acontecenafronteira.com.br\/index.php\/wp-json\/wp\/v2\/types\/post"}],"replies":[{"embeddable":true,"href":"https:\/\/acontecenafronteira.com.br\/index.php\/wp-json\/wp\/v2\/comments?post=34634"}],"version-history":[{"count":1,"href":"https:\/\/acontecenafronteira.com.br\/index.php\/wp-json\/wp\/v2\/posts\/34634\/revisions"}],"predecessor-version":[{"id":34641,"href":"https:\/\/acontecenafronteira.com.br\/index.php\/wp-json\/wp\/v2\/posts\/34634\/revisions\/34641"}],"wp:featuredmedia":[{"embeddable":true,"href":"https:\/\/acontecenafronteira.com.br\/index.php\/wp-json\/wp\/v2\/media\/34642"}],"wp:attachment":[{"href":"https:\/\/acontecenafronteira.com.br\/index.php\/wp-json\/wp\/v2\/media?parent=34634"}],"wp:term":[{"taxonomy":"category","embeddable":true,"href":"https:\/\/acontecenafronteira.com.br\/index.php\/wp-json\/wp\/v2\/categories?post=34634"},{"taxonomy":"post_tag","embeddable":true,"href":"https:\/\/acontecenafronteira.com.br\/index.php\/wp-json\/wp\/v2\/tags?post=34634"}],"curies":[{"name":"wp","href":"https:\/\/api.w.org\/{rel}","templated":true}]}}