{"id":34633,"date":"2026-09-03T17:36:28","date_gmt":"2026-09-03T20:36:28","guid":{"rendered":"https:\/\/acontecenafronteira.com.br\/?p=34633"},"modified":"2026-09-03T17:36:28","modified_gmt":"2026-09-03T20:36:28","slug":"daniel-vorcaro-acusa-policia-federal-de-ameacas-e-intimidacao","status":"publish","type":"post","link":"https:\/\/acontecenafronteira.com.br\/index.php\/2026\/09\/03\/daniel-vorcaro-acusa-policia-federal-de-ameacas-e-intimidacao\/","title":{"rendered":"Daniel Vorcaro acusa Pol\u00edcia Federal de amea\u00e7as e intimida\u00e7\u00e3o"},"content":{"rendered":"<p>O empres\u00e1rio Daniel Vorcaro, antigo propriet\u00e1rio do Banco Master, protocolou uma manifesta\u00e7\u00e3o no Supremo Tribunal Federal (STF) na qual relata ter sido alvo de graves amea\u00e7as e intimida\u00e7\u00f5es por parte da Pol\u00edcia Federal. O objetivo da press\u00e3o seria impedi-lo de avan\u00e7ar com um acordo de colabora\u00e7\u00e3o premiada junto \u00e0 mais alta corte do pa\u00eds.<\/p>\n<h2>Relato de coa\u00e7\u00e3o e intimida\u00e7\u00e3o<\/h2>\n<p>De acordo com a defesa do executivo, as abordagens e recados intimidat\u00f3rios tinham como finalidade silenci\u00e1-lo e evitar que informa\u00e7\u00f5es sens\u00edveis fossem reveladas no \u00e2mbito de negocia\u00e7\u00f5es de dela\u00e7\u00e3o. O material apresentado aos ministros detalha epis\u00f3dios em que o investigado teria sido pressionado a abandonar a ideia de firmar o pacto de coopera\u00e7\u00e3o judicial.<\/p>\n<h2>Impacto no cen\u00e1rio jur\u00eddico atual<\/h2>\n<p>As acusa\u00e7\u00f5es trazem novos desdobramentos para as investiga\u00e7\u00f5es em curso, colocando sob suspeita os m\u00e9todos empregados por agentes nas etapas de apura\u00e7\u00e3o. A revela\u00e7\u00e3o de supostas coa\u00e7\u00f5es dentro do processo reacende o debate sobre a seguran\u00e7a jur\u00eddica e os limites da atua\u00e7\u00e3o policial em casos de grande repercuss\u00e3o nacional.<\/p>\n<h2>Desdobramentos e pr\u00f3ximos passos<\/h2>\n<p>A defesa de Vorcaro aguarda que a Corte m\u00e1xima avalie o teor das den\u00fancias apresentadas, o que pode influenciar diretamente o andamento das investiga\u00e7\u00f5es e a validade de eventuais provas obtidas. A expectativa \u00e9 que o STF adote provid\u00eancias para apurar a veracidade das alega\u00e7\u00f5es de interfer\u00eancia e constrangimento ilegal.<\/p>\n<p>O caso segue sob sigilo em gabinetes de ministros do Supremo, enquanto juristas acompanham os desdobramentos dessa disputa que envolve autoridades federais e um dos maiores esc\u00e2ndalos financeiros recentes do pa\u00eds.<\/p>\n<p>Por Reda\u00e7\u00e3o Acontece<\/p>\n<p>Imagem: Ag\u00eancia Brasil \/ Divulga\u00e7\u00e3o<\/p>\n","protected":false},"excerpt":{"rendered":"<p>O empres\u00e1rio Daniel Vorcaro, antigo propriet\u00e1rio do Banco Master, protocolou uma manifesta\u00e7\u00e3o no Supremo Tribunal Federal (STF) na qual relata ter sido alvo de graves amea\u00e7as e intimida\u00e7\u00f5es por parte da Pol\u00edcia Federal. O objetivo da press\u00e3o seria impedi-lo de avan\u00e7ar com um acordo de colabora\u00e7\u00e3o premiada junto \u00e0 mais alta corte do pa\u00eds. Relato [&hellip;]<\/p>\n","protected":false},"author":0,"featured_media":34640,"comment_status":"open","ping_status":"open","sticky":false,"template":"","format":"standard","meta":{"footnotes":""},"categories":[18],"tags":[],"class_list":["post-34633","post","type-post","status-publish","format-standard","has-post-thumbnail","hentry","category-parana"],"_links":{"self":[{"href":"https:\/\/acontecenafronteira.com.br\/index.php\/wp-json\/wp\/v2\/posts\/34633","targetHints":{"allow":["GET"]}}],"collection":[{"href":"https:\/\/acontecenafronteira.com.br\/index.php\/wp-json\/wp\/v2\/posts"}],"about":[{"href":"https:\/\/acontecenafronteira.com.br\/index.php\/wp-json\/wp\/v2\/types\/post"}],"replies":[{"embeddable":true,"href":"https:\/\/acontecenafronteira.com.br\/index.php\/wp-json\/wp\/v2\/comments?post=34633"}],"version-history":[{"count":1,"href":"https:\/\/acontecenafronteira.com.br\/index.php\/wp-json\/wp\/v2\/posts\/34633\/revisions"}],"predecessor-version":[{"id":34639,"href":"https:\/\/acontecenafronteira.com.br\/index.php\/wp-json\/wp\/v2\/posts\/34633\/revisions\/34639"}],"wp:featuredmedia":[{"embeddable":true,"href":"https:\/\/acontecenafronteira.com.br\/index.php\/wp-json\/wp\/v2\/media\/34640"}],"wp:attachment":[{"href":"https:\/\/acontecenafronteira.com.br\/index.php\/wp-json\/wp\/v2\/media?parent=34633"}],"wp:term":[{"taxonomy":"category","embeddable":true,"href":"https:\/\/acontecenafronteira.com.br\/index.php\/wp-json\/wp\/v2\/categories?post=34633"},{"taxonomy":"post_tag","embeddable":true,"href":"https:\/\/acontecenafronteira.com.br\/index.php\/wp-json\/wp\/v2\/tags?post=34633"}],"curies":[{"name":"wp","href":"https:\/\/api.w.org\/{rel}","templated":true}]}}