{"id":34632,"date":"2026-09-03T17:36:22","date_gmt":"2026-09-03T20:36:22","guid":{"rendered":"https:\/\/acontecenafronteira.com.br\/?p=34632"},"modified":"2026-09-03T17:36:22","modified_gmt":"2026-09-03T20:36:22","slug":"alexandre-de-moraes-vai-assumir-a-presidencia-do-stf-em-2027","status":"publish","type":"post","link":"https:\/\/acontecenafronteira.com.br\/index.php\/2026\/09\/03\/alexandre-de-moraes-vai-assumir-a-presidencia-do-stf-em-2027\/","title":{"rendered":"Alexandre de Moraes vai assumir a presid\u00eancia do STF em 2027"},"content":{"rendered":"<p>O ministro Alexandre de Moraes tem previs\u00e3o para assumir a <strong>presid\u00eancia do Supremo Tribunal Federal (STF)<\/strong> no decorrer do segundo semestre de 2027. A sucess\u00e3o na mais alta Corte do pa\u00eds seguir\u00e1 a tradicional ordem de antiguidade entre os magistrados.<\/p>\n<h2>A linha sucess\u00f3ria da Suprema Corte<\/h2>\n<p>\nPelas regras internas, Moraes suceder\u00e1 o ministro <strong>Edson Fachin<\/strong> no comando do tribunal. A transi\u00e7\u00e3o faz parte do revezamento natural da cadeira principal do Judici\u00e1rio brasileiro nos pr\u00f3ximos anos.<\/p>\n<h2>Hist\u00f3rico e proje\u00e7\u00f5es para o STF<\/h2>\n<p>\nA expectativa em torno da futura gest\u00e3o movimenta os bastidores jur\u00eddicos e pol\u00edticos em Bras\u00edlia. O magistrado acumula forte protagonismo em investiga\u00e7\u00f5es sens\u00edveis conduzidas na Corte.<\/p>\n<p>O calend\u00e1rio de altern\u00e2ncia de poder na c\u00fapula do Judici\u00e1rio estabelece os nomes que guiar\u00e3o o tribunal a m\u00e9dio prazo. A defini\u00e7\u00e3o garante estabilidade institucional e previsibilidade nas vota\u00e7\u00f5es e na administra\u00e7\u00e3o interna.<\/p>\n<p>A chegada de Alexandre de Moraes ao cargo m\u00e1ximo do tribunal representar\u00e1 um novo marco na hist\u00f3ria recente do STF.<\/p>\n<p>Por Reda\u00e7\u00e3o Acontece<\/p>\n<p>Cr\u00e9ditos da imagem: Divulga\u00e7\u00e3o\/STF<\/p>\n","protected":false},"excerpt":{"rendered":"<p>O ministro Alexandre de Moraes tem previs\u00e3o para assumir a presid\u00eancia do Supremo Tribunal Federal (STF) no decorrer do segundo semestre de 2027. A sucess\u00e3o na mais alta Corte do pa\u00eds seguir\u00e1 a tradicional ordem de antiguidade entre os magistrados. A linha sucess\u00f3ria da Suprema Corte Pelas regras internas, Moraes suceder\u00e1 o ministro Edson Fachin [&hellip;]<\/p>\n","protected":false},"author":0,"featured_media":34638,"comment_status":"open","ping_status":"open","sticky":false,"template":"","format":"standard","meta":{"footnotes":""},"categories":[18],"tags":[],"class_list":["post-34632","post","type-post","status-publish","format-standard","has-post-thumbnail","hentry","category-parana"],"_links":{"self":[{"href":"https:\/\/acontecenafronteira.com.br\/index.php\/wp-json\/wp\/v2\/posts\/34632","targetHints":{"allow":["GET"]}}],"collection":[{"href":"https:\/\/acontecenafronteira.com.br\/index.php\/wp-json\/wp\/v2\/posts"}],"about":[{"href":"https:\/\/acontecenafronteira.com.br\/index.php\/wp-json\/wp\/v2\/types\/post"}],"replies":[{"embeddable":true,"href":"https:\/\/acontecenafronteira.com.br\/index.php\/wp-json\/wp\/v2\/comments?post=34632"}],"version-history":[{"count":1,"href":"https:\/\/acontecenafronteira.com.br\/index.php\/wp-json\/wp\/v2\/posts\/34632\/revisions"}],"predecessor-version":[{"id":34637,"href":"https:\/\/acontecenafronteira.com.br\/index.php\/wp-json\/wp\/v2\/posts\/34632\/revisions\/34637"}],"wp:featuredmedia":[{"embeddable":true,"href":"https:\/\/acontecenafronteira.com.br\/index.php\/wp-json\/wp\/v2\/media\/34638"}],"wp:attachment":[{"href":"https:\/\/acontecenafronteira.com.br\/index.php\/wp-json\/wp\/v2\/media?parent=34632"}],"wp:term":[{"taxonomy":"category","embeddable":true,"href":"https:\/\/acontecenafronteira.com.br\/index.php\/wp-json\/wp\/v2\/categories?post=34632"},{"taxonomy":"post_tag","embeddable":true,"href":"https:\/\/acontecenafronteira.com.br\/index.php\/wp-json\/wp\/v2\/tags?post=34632"}],"curies":[{"name":"wp","href":"https:\/\/api.w.org\/{rel}","templated":true}]}}