{"id":34631,"date":"2026-09-03T17:36:10","date_gmt":"2026-09-03T20:36:10","guid":{"rendered":"https:\/\/acontecenafronteira.com.br\/?p=34631"},"modified":"2026-09-03T17:36:10","modified_gmt":"2026-09-03T20:36:10","slug":"joao-ribeiro-critica-governo-ratinho-e-expoe-abandono-no-litoral","status":"publish","type":"post","link":"https:\/\/acontecenafronteira.com.br\/index.php\/2026\/09\/03\/joao-ribeiro-critica-governo-ratinho-e-expoe-abandono-no-litoral\/","title":{"rendered":"Jo\u00e3o Ribeiro critica governo Ratinho e exp\u00f5e abandono no litoral"},"content":{"rendered":"<p>Uma forte declara\u00e7\u00e3o do empres\u00e1rio Jo\u00e3o Ribeiro trouxe \u00e0 tona os bastidores da rela\u00e7\u00e3o pol\u00edtica entre o munic\u00edpio de Pontal do Paran\u00e1 e o governo Ratinho Junior, revelando promessas n\u00e3o cumpridas e o descaso com a regi\u00e3o litorana.<\/p>\n<h2>Promessas esquecidas no litoral paranaense<\/h2>\n<p>Segundo Ribeiro, a gest\u00e3o estadual tem negligenciado as necessidades b\u00e1sicas da cidade. O empres\u00e1rio destacou que um compromisso importante assumido com os moradores h\u00e1 oito anos continua sem qualquer tipo de concretiza\u00e7\u00e3o por parte das autoridades estaduais.<\/p>\n<h2>Cr\u00edticas \u00e0 gest\u00e3o Ratinho Junior<\/h2>\n<p>As declara\u00e7\u00f5es colocam em pauta a efic\u00e1cia dos investimentos p\u00fablicos na regi\u00e3o e geram debate sobre o planejamento estrat\u00e9gico do governo para os munic\u00edpios costeiros. O cen\u00e1rio atual reflete um descontentamento generalizado entre lideran\u00e7as locais e a popula\u00e7\u00e3o.<\/p>\n<p>Enquanto a administra\u00e7\u00e3o estadual defende seus avan\u00e7os em infraestrutura, as cr\u00edticas apontam para um abismo entre o discurso oficial e a realidade enfrentada por quem vive no litoral.<\/p>\n<p>O epis\u00f3dio reacende o debate pol\u00edtico na regi\u00e3o e pressiona o Pal\u00e1cio Igua\u00e7u por respostas concretas sobre os investimentos prometidos para o desenvolvimento de Pontal do Paran\u00e1.<\/p>\n<p>Por Reda\u00e7\u00e3o Acontece<\/p>\n<p>Cr\u00e9ditos da imagem: Divulga\u00e7\u00e3o \/ Redes Sociais<\/p>\n","protected":false},"excerpt":{"rendered":"<p>Uma forte declara\u00e7\u00e3o do empres\u00e1rio Jo\u00e3o Ribeiro trouxe \u00e0 tona os bastidores da rela\u00e7\u00e3o pol\u00edtica entre o munic\u00edpio de Pontal do Paran\u00e1 e o governo Ratinho Junior, revelando promessas n\u00e3o cumpridas e o descaso com a regi\u00e3o litorana. Promessas esquecidas no litoral paranaense Segundo Ribeiro, a gest\u00e3o estadual tem negligenciado as necessidades b\u00e1sicas da cidade. [&hellip;]<\/p>\n","protected":false},"author":0,"featured_media":34636,"comment_status":"open","ping_status":"open","sticky":false,"template":"","format":"standard","meta":{"footnotes":""},"categories":[18],"tags":[],"class_list":["post-34631","post","type-post","status-publish","format-standard","has-post-thumbnail","hentry","category-parana"],"_links":{"self":[{"href":"https:\/\/acontecenafronteira.com.br\/index.php\/wp-json\/wp\/v2\/posts\/34631","targetHints":{"allow":["GET"]}}],"collection":[{"href":"https:\/\/acontecenafronteira.com.br\/index.php\/wp-json\/wp\/v2\/posts"}],"about":[{"href":"https:\/\/acontecenafronteira.com.br\/index.php\/wp-json\/wp\/v2\/types\/post"}],"replies":[{"embeddable":true,"href":"https:\/\/acontecenafronteira.com.br\/index.php\/wp-json\/wp\/v2\/comments?post=34631"}],"version-history":[{"count":1,"href":"https:\/\/acontecenafronteira.com.br\/index.php\/wp-json\/wp\/v2\/posts\/34631\/revisions"}],"predecessor-version":[{"id":34635,"href":"https:\/\/acontecenafronteira.com.br\/index.php\/wp-json\/wp\/v2\/posts\/34631\/revisions\/34635"}],"wp:featuredmedia":[{"embeddable":true,"href":"https:\/\/acontecenafronteira.com.br\/index.php\/wp-json\/wp\/v2\/media\/34636"}],"wp:attachment":[{"href":"https:\/\/acontecenafronteira.com.br\/index.php\/wp-json\/wp\/v2\/media?parent=34631"}],"wp:term":[{"taxonomy":"category","embeddable":true,"href":"https:\/\/acontecenafronteira.com.br\/index.php\/wp-json\/wp\/v2\/categories?post=34631"},{"taxonomy":"post_tag","embeddable":true,"href":"https:\/\/acontecenafronteira.com.br\/index.php\/wp-json\/wp\/v2\/tags?post=34631"}],"curies":[{"name":"wp","href":"https:\/\/api.w.org\/{rel}","templated":true}]}}