{"id":34619,"date":"2026-09-03T17:35:52","date_gmt":"2026-09-03T20:35:52","guid":{"rendered":"https:\/\/acontecenafronteira.com.br\/?p=34619"},"modified":"2026-09-03T17:35:52","modified_gmt":"2026-09-03T20:35:52","slug":"varejo-mais-capacitacao-gratuita-para-empresas-em-foz","status":"publish","type":"post","link":"https:\/\/acontecenafronteira.com.br\/index.php\/2026\/09\/03\/varejo-mais-capacitacao-gratuita-para-empresas-em-foz\/","title":{"rendered":"Varejo Mais: capacita\u00e7\u00e3o gratuita para empresas em Foz"},"content":{"rendered":"<p>Pequenos neg\u00f3cios de Foz do Igua\u00e7u ganharam uma oportunidade estrat\u00e9gica para acelerar o crescimento com a abertura das inscri\u00e7\u00f5es para o programa Varejo Mais, uma iniciativa voltada a fortalecer o com\u00e9rcio regional por meio de capacita\u00e7\u00e3o profissional e orienta\u00e7\u00f5es pr\u00e1ticas.<\/p>\n<h2>Oportunidade para o com\u00e9rcio local<\/h2>\n<p>Desenvolvido em uma parceria estrat\u00e9gica entre o Sebrae\/PR e a Fecom\u00e9rcio PR, o projeto tem como foco principal o atendimento a micro e pequenas empresas que buscam se destacar no mercado atual e atrair mais consumidores.<\/p>\n<h3>Consultorias sob medida<\/h3>\n<p>Os participantes do programa ter\u00e3o acesso a consultorias personalizadas, estruturadas para atender \u00e0s necessidades espec\u00edficas de cada estabelecimento comercial inscrito na iniciativa.<\/p>\n<p>As orienta\u00e7\u00f5es abrangem tr\u00eas pilares fundamentais para o sucesso no setor: gest\u00e3o de finan\u00e7as, t\u00e9cnicas avan\u00e7adas de visual de loja e estrat\u00e9gias eficientes de marketing digital.<\/p>\n<p>Com esse suporte especializado, os empreendedores locais poder\u00e3o otimizar seus processos internos, melhorar a experi\u00eancia de compra do cliente e ampliar a presen\u00e7a digital de suas marcas.<\/p>\n<p>As inscri\u00e7\u00f5es j\u00e1 est\u00e3o abertas e representam um passo importante para quem deseja modernizar o neg\u00f3cio e garantir maior competitividade no cen\u00e1rio econ\u00f4mico da regi\u00e3o de fronteira.<\/p>\n<p>Por Reda\u00e7\u00e3o Acontece<\/p>\n<p>Cr\u00e9ditos da imagem: Divulga\u00e7\u00e3o\/Sebrae<\/p>\n","protected":false},"excerpt":{"rendered":"<p>Pequenos neg\u00f3cios de Foz do Igua\u00e7u ganharam uma oportunidade estrat\u00e9gica para acelerar o crescimento com a abertura das inscri\u00e7\u00f5es para o programa Varejo Mais, uma iniciativa voltada a fortalecer o com\u00e9rcio regional por meio de capacita\u00e7\u00e3o profissional e orienta\u00e7\u00f5es pr\u00e1ticas. Oportunidade para o com\u00e9rcio local Desenvolvido em uma parceria estrat\u00e9gica entre o Sebrae\/PR e a [&hellip;]<\/p>\n","protected":false},"author":0,"featured_media":34621,"comment_status":"open","ping_status":"open","sticky":false,"template":"","format":"standard","meta":{"footnotes":""},"categories":[4],"tags":[],"class_list":["post-34619","post","type-post","status-publish","format-standard","has-post-thumbnail","hentry","category-cidade"],"_links":{"self":[{"href":"https:\/\/acontecenafronteira.com.br\/index.php\/wp-json\/wp\/v2\/posts\/34619","targetHints":{"allow":["GET"]}}],"collection":[{"href":"https:\/\/acontecenafronteira.com.br\/index.php\/wp-json\/wp\/v2\/posts"}],"about":[{"href":"https:\/\/acontecenafronteira.com.br\/index.php\/wp-json\/wp\/v2\/types\/post"}],"replies":[{"embeddable":true,"href":"https:\/\/acontecenafronteira.com.br\/index.php\/wp-json\/wp\/v2\/comments?post=34619"}],"version-history":[{"count":1,"href":"https:\/\/acontecenafronteira.com.br\/index.php\/wp-json\/wp\/v2\/posts\/34619\/revisions"}],"predecessor-version":[{"id":34620,"href":"https:\/\/acontecenafronteira.com.br\/index.php\/wp-json\/wp\/v2\/posts\/34619\/revisions\/34620"}],"wp:featuredmedia":[{"embeddable":true,"href":"https:\/\/acontecenafronteira.com.br\/index.php\/wp-json\/wp\/v2\/media\/34621"}],"wp:attachment":[{"href":"https:\/\/acontecenafronteira.com.br\/index.php\/wp-json\/wp\/v2\/media?parent=34619"}],"wp:term":[{"taxonomy":"category","embeddable":true,"href":"https:\/\/acontecenafronteira.com.br\/index.php\/wp-json\/wp\/v2\/categories?post=34619"},{"taxonomy":"post_tag","embeddable":true,"href":"https:\/\/acontecenafronteira.com.br\/index.php\/wp-json\/wp\/v2\/tags?post=34619"}],"curies":[{"name":"wp","href":"https:\/\/api.w.org\/{rel}","templated":true}]}}