{"id":34606,"date":"2026-09-03T16:37:36","date_gmt":"2026-09-03T19:37:36","guid":{"rendered":"https:\/\/acontecenafronteira.com.br\/?p=34606"},"modified":"2026-09-03T16:37:36","modified_gmt":"2026-09-03T19:37:36","slug":"pgr-fecha-delacao-com-empresario-da-operacao-dark-horse","status":"publish","type":"post","link":"https:\/\/acontecenafronteira.com.br\/index.php\/2026\/09\/03\/pgr-fecha-delacao-com-empresario-da-operacao-dark-horse\/","title":{"rendered":"PGR fecha dela\u00e7\u00e3o com empres\u00e1rio da opera\u00e7\u00e3o Dark Horse"},"content":{"rendered":"<p>A Procuradoria-Geral da Rep\u00fablica (PGR) firmou um acordo de dela\u00e7\u00e3o premiada com o empres\u00e1rio Antonio Carlos Freixo J\u00fanior, amplamente conhecido como Mineiro e propriet\u00e1rio da empresa Entre&#8230;<\/p>\n<h2>Detalhes do acordo de colabora\u00e7\u00e3o<\/h2>\n<p>O compromisso de coopera\u00e7\u00e3o foi formalizado ap\u00f3s extensas negocia\u00e7\u00f5es entre a defesa do investigado e os \u00f3rg\u00e3os de acusa\u00e7\u00e3o, visando esclarecer o fluxo de recursos financeiros utilizados na rede il\u00edcita.<\/p>\n<h3>O papel do financiamento<\/h3>\n<p>Conhecido no meio empresarial, o empres\u00e1rio \u00e9 apontado pelos investigadores como uma pe\u00e7a-chave no aporte de capital que sustentava as opera\u00e7\u00f5es do esquema investigado na opera\u00e7\u00e3o Dark Horse.<\/p>\n<p>As autoridades esperam que as revela\u00e7\u00f5es do colaborador tragam nomes de novos envolvidos e detalhem o modus operandi da organiza\u00e7\u00e3o criminosa, especialmente no que tange \u00e0 lavagem de dinheiro e oculta\u00e7\u00e3o de bens.<\/p>\n<p>Os termos da dela\u00e7\u00e3o agora seguem para homologa\u00e7\u00e3o no Supremo Tribunal Federal, onde passar\u00e3o por an\u00e1lise rigorosa para confirmar a legalidade e a utilidade das informa\u00e7\u00f5es prestadas.<\/p>\n<p>Este avan\u00e7o nas investiga\u00e7\u00f5es demonstra o esfor\u00e7o cont\u00ednuo dos \u00f3rg\u00e3os de controle em desarticular redes de financiamento clandestino e responsabilizar os principais mandantes de esquemas complexos.<\/p>\n<p>Por Reda\u00e7\u00e3o Acontece<\/p>\n<p>Cr\u00e9ditos da imagem: Reprodu\u00e7\u00e3o<\/p>\n","protected":false},"excerpt":{"rendered":"<p>A Procuradoria-Geral da Rep\u00fablica (PGR) firmou um acordo de dela\u00e7\u00e3o premiada com o empres\u00e1rio Antonio Carlos Freixo J\u00fanior, amplamente conhecido como Mineiro e propriet\u00e1rio da empresa Entre&#8230; Detalhes do acordo de colabora\u00e7\u00e3o O compromisso de coopera\u00e7\u00e3o foi formalizado ap\u00f3s extensas negocia\u00e7\u00f5es entre a defesa do investigado e os \u00f3rg\u00e3os de acusa\u00e7\u00e3o, visando esclarecer o fluxo [&hellip;]<\/p>\n","protected":false},"author":0,"featured_media":34613,"comment_status":"open","ping_status":"open","sticky":false,"template":"","format":"standard","meta":{"footnotes":""},"categories":[18],"tags":[],"class_list":["post-34606","post","type-post","status-publish","format-standard","has-post-thumbnail","hentry","category-parana"],"_links":{"self":[{"href":"https:\/\/acontecenafronteira.com.br\/index.php\/wp-json\/wp\/v2\/posts\/34606","targetHints":{"allow":["GET"]}}],"collection":[{"href":"https:\/\/acontecenafronteira.com.br\/index.php\/wp-json\/wp\/v2\/posts"}],"about":[{"href":"https:\/\/acontecenafronteira.com.br\/index.php\/wp-json\/wp\/v2\/types\/post"}],"replies":[{"embeddable":true,"href":"https:\/\/acontecenafronteira.com.br\/index.php\/wp-json\/wp\/v2\/comments?post=34606"}],"version-history":[{"count":1,"href":"https:\/\/acontecenafronteira.com.br\/index.php\/wp-json\/wp\/v2\/posts\/34606\/revisions"}],"predecessor-version":[{"id":34612,"href":"https:\/\/acontecenafronteira.com.br\/index.php\/wp-json\/wp\/v2\/posts\/34606\/revisions\/34612"}],"wp:featuredmedia":[{"embeddable":true,"href":"https:\/\/acontecenafronteira.com.br\/index.php\/wp-json\/wp\/v2\/media\/34613"}],"wp:attachment":[{"href":"https:\/\/acontecenafronteira.com.br\/index.php\/wp-json\/wp\/v2\/media?parent=34606"}],"wp:term":[{"taxonomy":"category","embeddable":true,"href":"https:\/\/acontecenafronteira.com.br\/index.php\/wp-json\/wp\/v2\/categories?post=34606"},{"taxonomy":"post_tag","embeddable":true,"href":"https:\/\/acontecenafronteira.com.br\/index.php\/wp-json\/wp\/v2\/tags?post=34606"}],"curies":[{"name":"wp","href":"https:\/\/api.w.org\/{rel}","templated":true}]}}