{"id":34605,"date":"2026-09-03T16:37:33","date_gmt":"2026-09-03T19:37:33","guid":{"rendered":"https:\/\/acontecenafronteira.com.br\/?p=34605"},"modified":"2026-09-03T16:37:33","modified_gmt":"2026-09-03T19:37:33","slug":"ministro-andre-mendonca-sai-de-instituto-com-contratos-publicos","status":"publish","type":"post","link":"https:\/\/acontecenafronteira.com.br\/index.php\/2026\/09\/03\/ministro-andre-mendonca-sai-de-instituto-com-contratos-publicos\/","title":{"rendered":"Ministro Andr\u00e9 Mendon\u00e7a sai de instituto com contratos p\u00fablicos"},"content":{"rendered":"<p>O ministro do Supremo Tribunal Federal (STF), <strong>Andr\u00e9 Mendon\u00e7a<\/strong>, tomou a decis\u00e3o de se desligar do quadro societ\u00e1rio do <strong>Instituto Iter<\/strong>, organiza\u00e7\u00e3o especializada na presta\u00e7\u00e3o de servi\u00e7os e capacita\u00e7\u00e3o para administra\u00e7\u00f5es estaduais.<\/p>\n<h2>Os neg\u00f3cios com o setor p\u00fablico<\/h2>\n<p>O instituto mantinha v\u00ednculos contratuais com diferentes gest\u00f5es estaduais no pa\u00eds, gerando debates sobre a atua\u00e7\u00e3o empresarial de magistrados da mais alta corte brasileira.<\/p>\n<h2>A decis\u00e3o do magistrado<\/h2>\n<p>Diante do cen\u00e1rio envolvendo os acordos comerciais, o ministro optou por encerrar sua participa\u00e7\u00e3o societ\u00e1ria na empresa para evitar conflitos institucionais.<\/p>\n<p>Mais informa\u00e7\u00f5es e contexto&#8230;<\/p>\n<p>Detalhe espec\u00edfico se necess\u00e1rio Detalhes adicionais&#8230;<\/p>\n<p>A sa\u00edda da sociedade marca um novo desdobramento sobre a atua\u00e7\u00e3o pr\u00e9via de integrantes do judici\u00e1rio em empreendimentos privados com la\u00e7os governamentais.<\/p>\n<p>Por Reda\u00e7\u00e3o Acontece<\/p>\n<p>Cr\u00e9ditos da imagem: Divulga\u00e7\u00e3o \/ STF<\/p>\n","protected":false},"excerpt":{"rendered":"<p>O ministro do Supremo Tribunal Federal (STF), Andr\u00e9 Mendon\u00e7a, tomou a decis\u00e3o de se desligar do quadro societ\u00e1rio do Instituto Iter, organiza\u00e7\u00e3o especializada na presta\u00e7\u00e3o de servi\u00e7os e capacita\u00e7\u00e3o para administra\u00e7\u00f5es estaduais. Os neg\u00f3cios com o setor p\u00fablico O instituto mantinha v\u00ednculos contratuais com diferentes gest\u00f5es estaduais no pa\u00eds, gerando debates sobre a atua\u00e7\u00e3o empresarial [&hellip;]<\/p>\n","protected":false},"author":0,"featured_media":34611,"comment_status":"open","ping_status":"open","sticky":false,"template":"","format":"standard","meta":{"footnotes":""},"categories":[18],"tags":[],"class_list":["post-34605","post","type-post","status-publish","format-standard","has-post-thumbnail","hentry","category-parana"],"_links":{"self":[{"href":"https:\/\/acontecenafronteira.com.br\/index.php\/wp-json\/wp\/v2\/posts\/34605","targetHints":{"allow":["GET"]}}],"collection":[{"href":"https:\/\/acontecenafronteira.com.br\/index.php\/wp-json\/wp\/v2\/posts"}],"about":[{"href":"https:\/\/acontecenafronteira.com.br\/index.php\/wp-json\/wp\/v2\/types\/post"}],"replies":[{"embeddable":true,"href":"https:\/\/acontecenafronteira.com.br\/index.php\/wp-json\/wp\/v2\/comments?post=34605"}],"version-history":[{"count":1,"href":"https:\/\/acontecenafronteira.com.br\/index.php\/wp-json\/wp\/v2\/posts\/34605\/revisions"}],"predecessor-version":[{"id":34610,"href":"https:\/\/acontecenafronteira.com.br\/index.php\/wp-json\/wp\/v2\/posts\/34605\/revisions\/34610"}],"wp:featuredmedia":[{"embeddable":true,"href":"https:\/\/acontecenafronteira.com.br\/index.php\/wp-json\/wp\/v2\/media\/34611"}],"wp:attachment":[{"href":"https:\/\/acontecenafronteira.com.br\/index.php\/wp-json\/wp\/v2\/media?parent=34605"}],"wp:term":[{"taxonomy":"category","embeddable":true,"href":"https:\/\/acontecenafronteira.com.br\/index.php\/wp-json\/wp\/v2\/categories?post=34605"},{"taxonomy":"post_tag","embeddable":true,"href":"https:\/\/acontecenafronteira.com.br\/index.php\/wp-json\/wp\/v2\/tags?post=34605"}],"curies":[{"name":"wp","href":"https:\/\/api.w.org\/{rel}","templated":true}]}}