{"id":34604,"date":"2026-09-03T16:37:30","date_gmt":"2026-09-03T19:37:30","guid":{"rendered":"https:\/\/acontecenafronteira.com.br\/?p=34604"},"modified":"2026-09-03T16:37:30","modified_gmt":"2026-09-03T19:37:30","slug":"vorcaro-acusa-chefe-da-pf-de-barrar-delacao-premiada","status":"publish","type":"post","link":"https:\/\/acontecenafronteira.com.br\/index.php\/2026\/09\/03\/vorcaro-acusa-chefe-da-pf-de-barrar-delacao-premiada\/","title":{"rendered":"Vorcaro acusa chefe da PF de barrar dela\u00e7\u00e3o premiada"},"content":{"rendered":"<p>O empres\u00e1rio e banqueiro Rodrigo Vorcaro fez graves acusa\u00e7\u00f5es contra o comando da seguran\u00e7a p\u00fablica no Brasil, alegando que o diretor-geral da Pol\u00edcia Federal vem agindo ativamente para impedir o avan\u00e7o de sua dela\u00e7\u00e3o premiada junto aos \u00f3rg\u00e3os competentes.<\/p>\n<h2>Os bastidores da negocia\u00e7\u00e3o<\/h2>\n<p>Segundo relatos obtidos com exclusividade, as tratativas para o acordo de colabora\u00e7\u00e3o estariam enfrentando barreiras institucionais impostas diretamente pela c\u00fapula da corpora\u00e7\u00e3o, gerando impasse jur\u00eddico e preocupa\u00e7\u00e3o entre os defensores legais do investigado.<\/p>\n<h2>Impacto nas investiga\u00e7\u00f5es em curso<\/h2>\n<p>A tentativa de firmar o acordo de dela\u00e7\u00e3o \u00e9 vista como um divisor de \u00e1guas para elucidar esquemas complexos de corrup\u00e7\u00e3o e crimes financeiros. No entanto, a suposta resist\u00eancia do alto escal\u00e3o policial amea\u00e7a paralisar revela\u00e7\u00f5es consideradas cruciais para o desdobramento das apura\u00e7\u00f5es.<\/p>\n<p>As defesas envolvidas buscam alternativas legais para contornar o bloqueio e assegurar que os termos da coopera\u00e7\u00e3o com a Justi\u00e7a sejam retomados sem interfer\u00eancias pol\u00edticas ou corporativas.<\/p>\n<p>O caso segue sob sigilo rigoroso enquanto inst\u00e2ncias superiores analisam a legalidade dos procedimentos e a validade das acusa\u00e7\u00f5es levantadas pela defesa do banqueiro.<\/p>\n<p>Por Reda\u00e7\u00e3o Acontece<\/p>\n<p>Cr\u00e9ditos da imagem: Divulga\u00e7\u00e3o \/ Pol\u00edcia Federal<\/p>\n","protected":false},"excerpt":{"rendered":"<p>O empres\u00e1rio e banqueiro Rodrigo Vorcaro fez graves acusa\u00e7\u00f5es contra o comando da seguran\u00e7a p\u00fablica no Brasil, alegando que o diretor-geral da Pol\u00edcia Federal vem agindo ativamente para impedir o avan\u00e7o de sua dela\u00e7\u00e3o premiada junto aos \u00f3rg\u00e3os competentes. Os bastidores da negocia\u00e7\u00e3o Segundo relatos obtidos com exclusividade, as tratativas para o acordo de colabora\u00e7\u00e3o [&hellip;]<\/p>\n","protected":false},"author":0,"featured_media":34609,"comment_status":"open","ping_status":"open","sticky":false,"template":"","format":"standard","meta":{"footnotes":""},"categories":[18],"tags":[],"class_list":["post-34604","post","type-post","status-publish","format-standard","has-post-thumbnail","hentry","category-parana"],"_links":{"self":[{"href":"https:\/\/acontecenafronteira.com.br\/index.php\/wp-json\/wp\/v2\/posts\/34604","targetHints":{"allow":["GET"]}}],"collection":[{"href":"https:\/\/acontecenafronteira.com.br\/index.php\/wp-json\/wp\/v2\/posts"}],"about":[{"href":"https:\/\/acontecenafronteira.com.br\/index.php\/wp-json\/wp\/v2\/types\/post"}],"replies":[{"embeddable":true,"href":"https:\/\/acontecenafronteira.com.br\/index.php\/wp-json\/wp\/v2\/comments?post=34604"}],"version-history":[{"count":1,"href":"https:\/\/acontecenafronteira.com.br\/index.php\/wp-json\/wp\/v2\/posts\/34604\/revisions"}],"predecessor-version":[{"id":34608,"href":"https:\/\/acontecenafronteira.com.br\/index.php\/wp-json\/wp\/v2\/posts\/34604\/revisions\/34608"}],"wp:featuredmedia":[{"embeddable":true,"href":"https:\/\/acontecenafronteira.com.br\/index.php\/wp-json\/wp\/v2\/media\/34609"}],"wp:attachment":[{"href":"https:\/\/acontecenafronteira.com.br\/index.php\/wp-json\/wp\/v2\/media?parent=34604"}],"wp:term":[{"taxonomy":"category","embeddable":true,"href":"https:\/\/acontecenafronteira.com.br\/index.php\/wp-json\/wp\/v2\/categories?post=34604"},{"taxonomy":"post_tag","embeddable":true,"href":"https:\/\/acontecenafronteira.com.br\/index.php\/wp-json\/wp\/v2\/tags?post=34604"}],"curies":[{"name":"wp","href":"https:\/\/api.w.org\/{rel}","templated":true}]}}