{"id":34599,"date":"2026-09-03T16:36:56","date_gmt":"2026-09-03T19:36:56","guid":{"rendered":"https:\/\/acontecenafronteira.com.br\/?p=34599"},"modified":"2026-09-03T16:36:56","modified_gmt":"2026-09-03T19:36:56","slug":"como-funciona-o-impeachment-de-ministros-do-stf-no-brasil","status":"publish","type":"post","link":"https:\/\/acontecenafronteira.com.br\/index.php\/2026\/09\/03\/como-funciona-o-impeachment-de-ministros-do-stf-no-brasil\/","title":{"rendered":"Como funciona o impeachment de ministros do STF no Brasil?"},"content":{"rendered":"<p>O Congresso brasileiro acumula centenas de den\u00fancias de impedimento contra magistrados da mais alta Corte do pa\u00eds, embora nenhuma delas tenha avan\u00e7ado formalmente em mais de um s\u00e9culo de hist\u00f3ria institucional.<\/p>\n<h2>O que diz a legisla\u00e7\u00e3o sobre os crimes de responsabilidade<\/h2>\n<p>O afastamento de integrantes do Supremo Tribunal Federal est\u00e1 respaldado pela Constitui\u00e7\u00e3o Federal e pela Lei n\u00ba 1.079, de 1950. O texto legal elenca infra\u00e7\u00f5es pol\u00edtico-administrativas espec\u00edficas, como alterar decis\u00f5es sem via de recurso, atuar em causas sob suspei\u00e7\u00e3o, exercer milit\u00e2ncia pol\u00edtico-partid\u00e1ria, demonstrar des\u00eddia na fun\u00e7\u00e3o ou agir de maneira incompat\u00edvel com o decoro do cargo.<\/p>\n<p>Qualquer cidad\u00e3o brasileiro tem o direito de protocolar o pedido no Senado Federal, desde que a acusa\u00e7\u00e3o esteja devidamente fundamentada. Cabe ao presidente da Casa analisar a peti\u00e7\u00e3o, enviar para avalia\u00e7\u00e3o jur\u00eddica e decidir se dar\u00e1 seguimento ao processo, etapa onde historicamente os protocolos acabam estagnados.<\/p>\n<h2>As novas regras ap\u00f3s decis\u00e3o do STF<\/h2>\n<p>Recentemente, o cen\u00e1rio jur\u00eddico passou por transforma\u00e7\u00f5es significativas quando o decano da Corte, ministro Gilmar Mendes, concedeu uma liminar alterando profundamente o rito processual estabelecido. Entre as principais modifica\u00e7\u00f5es, o qu\u00f3rum necess\u00e1rio para dar andamento \u00e0s den\u00fancias tornou-se muito mais r\u00edgido.<\/p>\n<p>Anteriormente, o plen\u00e1rio aceitava o recebimento por maioria simples. Com o entendimento atual, s\u00e3o exigidos votos de pelo menos 54 dos 81 senadores logo no in\u00edcio do procedimento, al\u00e9m de novas exig\u00eancias para o julgamento e a manuten\u00e7\u00e3o do magistrado no cargo durante a tramita\u00e7\u00e3o do processo.<\/p>\n<h2>O impacto institucional e o impasse pol\u00edtico<\/h2>\n<p>Especialistas e parlamentares apontam que as novas diretrizes tornaram o mecanismo de controle quase inalcan\u00e7\u00e1vel na pr\u00e1tica. A discuss\u00e3o ganha ainda mais relev\u00e2ncia em momentos de tens\u00e3o pol\u00edtica, nos quais cresce a press\u00e3o popular e o volume de representa\u00e7\u00f5es protocoladas no Legislativo.<\/p>\n<p>O futuro desses processos permanece atrelado tanto \u00e0 movimenta\u00e7\u00e3o pol\u00edtica no Congresso quanto ao posicionamento definitivo do pr\u00f3prio Supremo em rela\u00e7\u00e3o \u00e0 validade das normas que regulam o poder de fiscaliza\u00e7\u00e3o sobre seus pr\u00f3prios membros.<\/p>\n<p>Por Reda\u00e7\u00e3o Acontece<\/p>\n<p>Imagem: Divulga\u00e7\u00e3o\/STF<\/p>\n","protected":false},"excerpt":{"rendered":"<p>O Congresso brasileiro acumula centenas de den\u00fancias de impedimento contra magistrados da mais alta Corte do pa\u00eds, embora nenhuma delas tenha avan\u00e7ado formalmente em mais de um s\u00e9culo de hist\u00f3ria institucional. O que diz a legisla\u00e7\u00e3o sobre os crimes de responsabilidade O afastamento de integrantes do Supremo Tribunal Federal est\u00e1 respaldado pela Constitui\u00e7\u00e3o Federal e [&hellip;]<\/p>\n","protected":false},"author":0,"featured_media":34602,"comment_status":"open","ping_status":"open","sticky":false,"template":"","format":"standard","meta":{"footnotes":""},"categories":[18],"tags":[],"class_list":["post-34599","post","type-post","status-publish","format-standard","has-post-thumbnail","hentry","category-parana"],"_links":{"self":[{"href":"https:\/\/acontecenafronteira.com.br\/index.php\/wp-json\/wp\/v2\/posts\/34599","targetHints":{"allow":["GET"]}}],"collection":[{"href":"https:\/\/acontecenafronteira.com.br\/index.php\/wp-json\/wp\/v2\/posts"}],"about":[{"href":"https:\/\/acontecenafronteira.com.br\/index.php\/wp-json\/wp\/v2\/types\/post"}],"replies":[{"embeddable":true,"href":"https:\/\/acontecenafronteira.com.br\/index.php\/wp-json\/wp\/v2\/comments?post=34599"}],"version-history":[{"count":1,"href":"https:\/\/acontecenafronteira.com.br\/index.php\/wp-json\/wp\/v2\/posts\/34599\/revisions"}],"predecessor-version":[{"id":34601,"href":"https:\/\/acontecenafronteira.com.br\/index.php\/wp-json\/wp\/v2\/posts\/34599\/revisions\/34601"}],"wp:featuredmedia":[{"embeddable":true,"href":"https:\/\/acontecenafronteira.com.br\/index.php\/wp-json\/wp\/v2\/media\/34602"}],"wp:attachment":[{"href":"https:\/\/acontecenafronteira.com.br\/index.php\/wp-json\/wp\/v2\/media?parent=34599"}],"wp:term":[{"taxonomy":"category","embeddable":true,"href":"https:\/\/acontecenafronteira.com.br\/index.php\/wp-json\/wp\/v2\/categories?post=34599"},{"taxonomy":"post_tag","embeddable":true,"href":"https:\/\/acontecenafronteira.com.br\/index.php\/wp-json\/wp\/v2\/tags?post=34599"}],"curies":[{"name":"wp","href":"https:\/\/api.w.org\/{rel}","templated":true}]}}