{"id":34589,"date":"2026-09-03T16:36:13","date_gmt":"2026-09-03T19:36:13","guid":{"rendered":"https:\/\/acontecenafronteira.com.br\/?p=34589"},"modified":"2026-09-03T16:36:13","modified_gmt":"2026-09-03T19:36:13","slug":"investigacao-apura-desvio-de-doacoes-para-vitimas-de-tornado-no-pr","status":"publish","type":"post","link":"https:\/\/acontecenafronteira.com.br\/index.php\/2026\/09\/03\/investigacao-apura-desvio-de-doacoes-para-vitimas-de-tornado-no-pr\/","title":{"rendered":"Investiga\u00e7\u00e3o apura desvio de doa\u00e7\u00f5es para v\u00edtimas de tornado no PR"},"content":{"rendered":"<p>Investiga\u00e7\u00e3o apura desvio de doa\u00e7\u00f5es para v\u00edtimas de tornado no PR Pol\u00edcia e Minist\u00e9rio P\u00fablico investigam suposto desvio de doa\u00e7\u00f5es destinadas a desabrigados de tornado em Rio Bonito do Igua\u00e7u, no Paran\u00e1. A Pol\u00edcia Civil e o Minist\u00e9rio P\u00fablico do Paran\u00e1 deflagraram uma opera\u00e7\u00e3o conjunta para investigar o suposto desvio de mantimentos e produtos arrecadados para ajudar a popula\u00e7\u00e3o de <strong>Rio Bonito do Igua\u00e7u<\/strong>, munic\u00edpio na regi\u00e3o central do estado que teve 90% da \u00e1rea destru\u00edda por um tornado em novembro de 2025. <\/p>\n<h2>Apreens\u00f5es e alvos da opera\u00e7\u00e3o<\/h2>\n<p> Nesta quarta-feira (2), duas ordens de busca e apreens\u00e3o foram cumpridas na cidade paranaense. Os agentes estiveram na sede da Secretaria Municipal de Assist\u00eancia Social e no barrac\u00e3o do Centro de Eventos, locais designados para o armazenamento de alimentos, roupas e outros suprimentos. Entre os investigados est\u00e3o servidores p\u00fablicos e autoridades locais. Contudo, os nomes e cargos n\u00e3o foram revelados publicamente, pois o processo tramita sob sigilo de justi\u00e7a. <\/p>\n<h2>Origem das suspeitas e transporte irregular<\/h2>\n<p> O caso come\u00e7ou a ser apurado ap\u00f3s o Minist\u00e9rio P\u00fablico receber den\u00fancias de que, em agosto, um autom\u00f3vel oficial da prefeitura foi utilizado para levar itens a uma resid\u00eancia na cidade vizinha de Laranjeiras do Sul. Dias depois, uma nova viagem com ve\u00edculo p\u00fablico para o mesmo endere\u00e7o foi identificada. A Pol\u00edcia Civil abordou o carro e confirmou que a Secretaria de Assist\u00eancia Social autorizou o uso do transporte, combust\u00edvel e de um funcion\u00e1rio p\u00fablico para levar donativos e bens municipais at\u00e9 a casa de um detento que cumpre pena em regime que permite servi\u00e7os externos no munic\u00edpio afetado pelo desastre. <\/p>\n<h2>Crime investigado e posicionamento oficial<\/h2>\n<p> Nenhum suspeito foi preso preventivamente at\u00e9 o momento, j\u00e1 que a corpora\u00e7\u00e3o policial busca confirmar se os mantimentos de fato deixaram de chegar aos desabrigados. A suspeita \u00e9 de que os produtos tenham sido entregues a cidad\u00e3os que n\u00e3o se enquadravam nos crit\u00e9rios de vulnerabilidade. O inqu\u00e9rito apura o crime de <strong>peculato<\/strong>, configurado quando um funcion\u00e1rio p\u00fablico se apropria de bens p\u00fablicos ou particulares sob sua guarda em raz\u00e3o do cargo, ou os desvia em benef\u00edcio pr\u00f3prio ou de terceiros. A pena prevista para esse tipo penal varia de 2 a 12 anos de reclus\u00e3o. Em nota oficial, a Prefeitura de Rio Bonito do Igua\u00e7u declarou surpresa com as dilig\u00eancias, mas afirmou que tem colaborado integralmente com os \u00f3rg\u00e3os de controle. A administra\u00e7\u00e3o municipal garantiu que todos os donativos foram distribu\u00eddos de maneira correta para amparar as fam\u00edlias necessitadas e que eventuais inconsist\u00eancias ser\u00e3o esclarecidas no decorrer das apura\u00e7\u00f5es. Por Reda\u00e7\u00e3o Acontece Foto: Ari Dias\/AEN<\/p>\n","protected":false},"excerpt":{"rendered":"<p>Investiga\u00e7\u00e3o apura desvio de doa\u00e7\u00f5es para v\u00edtimas de tornado no PR Pol\u00edcia e Minist\u00e9rio P\u00fablico investigam suposto desvio de doa\u00e7\u00f5es destinadas a desabrigados de tornado em Rio Bonito do Igua\u00e7u, no Paran\u00e1. A Pol\u00edcia Civil e o Minist\u00e9rio P\u00fablico do Paran\u00e1 deflagraram uma opera\u00e7\u00e3o conjunta para investigar o suposto desvio de mantimentos e produtos arrecadados [&hellip;]<\/p>\n","protected":false},"author":0,"featured_media":34596,"comment_status":"open","ping_status":"open","sticky":false,"template":"","format":"standard","meta":{"footnotes":""},"categories":[18],"tags":[],"class_list":["post-34589","post","type-post","status-publish","format-standard","has-post-thumbnail","hentry","category-parana"],"_links":{"self":[{"href":"https:\/\/acontecenafronteira.com.br\/index.php\/wp-json\/wp\/v2\/posts\/34589","targetHints":{"allow":["GET"]}}],"collection":[{"href":"https:\/\/acontecenafronteira.com.br\/index.php\/wp-json\/wp\/v2\/posts"}],"about":[{"href":"https:\/\/acontecenafronteira.com.br\/index.php\/wp-json\/wp\/v2\/types\/post"}],"replies":[{"embeddable":true,"href":"https:\/\/acontecenafronteira.com.br\/index.php\/wp-json\/wp\/v2\/comments?post=34589"}],"version-history":[{"count":1,"href":"https:\/\/acontecenafronteira.com.br\/index.php\/wp-json\/wp\/v2\/posts\/34589\/revisions"}],"predecessor-version":[{"id":34595,"href":"https:\/\/acontecenafronteira.com.br\/index.php\/wp-json\/wp\/v2\/posts\/34589\/revisions\/34595"}],"wp:featuredmedia":[{"embeddable":true,"href":"https:\/\/acontecenafronteira.com.br\/index.php\/wp-json\/wp\/v2\/media\/34596"}],"wp:attachment":[{"href":"https:\/\/acontecenafronteira.com.br\/index.php\/wp-json\/wp\/v2\/media?parent=34589"}],"wp:term":[{"taxonomy":"category","embeddable":true,"href":"https:\/\/acontecenafronteira.com.br\/index.php\/wp-json\/wp\/v2\/categories?post=34589"},{"taxonomy":"post_tag","embeddable":true,"href":"https:\/\/acontecenafronteira.com.br\/index.php\/wp-json\/wp\/v2\/tags?post=34589"}],"curies":[{"name":"wp","href":"https:\/\/api.w.org\/{rel}","templated":true}]}}