{"id":34588,"date":"2026-09-03T16:36:07","date_gmt":"2026-09-03T19:36:07","guid":{"rendered":"https:\/\/acontecenafronteira.com.br\/?p=34588"},"modified":"2026-09-03T16:36:07","modified_gmt":"2026-09-03T19:36:07","slug":"crise-em-foz-corpos-esperam-em-camaras-frias-por-falta-de-vagas","status":"publish","type":"post","link":"https:\/\/acontecenafronteira.com.br\/index.php\/2026\/09\/03\/crise-em-foz-corpos-esperam-em-camaras-frias-por-falta-de-vagas\/","title":{"rendered":"Crise em Foz: Corpos esperam em c\u00e2maras frias por falta de vagas"},"content":{"rendered":"<p>Uma grave crise de superlota\u00e7\u00e3o nos cemit\u00e9rios p\u00fablicos de Foz do Igua\u00e7u, no Paran\u00e1, deixou seis corpos aguardando sepultamento em c\u00e2maras frias. Cinco deles est\u00e3o armazenados no Hospital Municipal Padre Germano Lauck, enquanto um corpo permanece sob os cuidados da Pol\u00edcia Cient\u00edfica.<\/p>\n<h2>Justi\u00e7a exige plano emergencial<\/h2>\n<p>Diante do esgotamento total dos espa\u00e7os, a Justi\u00e7a determinou que a administra\u00e7\u00e3o municipal apresente, no prazo de cinco dias, um <strong>Plano de A\u00e7\u00e3o Emergencial<\/strong> v\u00e1lido para os pr\u00f3ximos 30 dias. O magistrado respons\u00e1vel destacou o risco sanit\u00e1rio e a urg\u00eancia em resolver a situa\u00e7\u00e3o.<\/p>\n<p>A a\u00e7\u00e3o judicial foi movida pela pr\u00f3pria Camis, empresa respons\u00e1vel pela gest\u00e3o dos cemit\u00e9rios da cidade. A concession\u00e1ria alegou na Justi\u00e7a a total falta de jazigos gratuitos e a reten\u00e7\u00e3o de corpos em unidades de sa\u00fade.<\/p>\n<h2>Tentativas de libera\u00e7\u00e3o e impasses<\/h2>\n<p>Para contornar o problema, a empresa administradora abriu dez novos jazigos nos \u00faltimos dois meses no Cemit\u00e9rio Municipal Parque Nacional. No entanto, apenas uma exuma\u00e7\u00e3o foi poss\u00edvel, pois os demais corpos ainda estavam \u00edntegros, impedindo a reutiliza\u00e7\u00e3o dos espa\u00e7os.<\/p>\n<p>Por outro lado, a prefeitura abriu um processo administrativo contra a concession\u00e1ria sob a acusa\u00e7\u00e3o de descumprimento de contrato. A empresa negou as irregularidades, classificou as acusa\u00e7\u00f5es como infundadas e afirmou ter alertado o poder p\u00fablico municipal sobre o colapso iminente dos cemit\u00e9rios sem obter retorno.<\/p>\n<h2>Projetos e solu\u00e7\u00f5es futuras<\/h2>\n<p>Enquanto a disputa administrativa e judicial continua, o munic\u00edpio estuda alternativas para criar centenas de novas vagas em cemit\u00e9rios como o Jardim S\u00e3o Paulo e o Tr\u00eas Lagoas. A concession\u00e1ria, por sua vez, condiciona novos investimentos \u00e0 renova\u00e7\u00e3o do contrato de concess\u00e3o original.<\/p>\n<p>Por Reda\u00e7\u00e3o Acontece<\/p>\n<p>Foto: RPC\/Reprodu\u00e7\u00e3o<\/p>\n","protected":false},"excerpt":{"rendered":"<p>Uma grave crise de superlota\u00e7\u00e3o nos cemit\u00e9rios p\u00fablicos de Foz do Igua\u00e7u, no Paran\u00e1, deixou seis corpos aguardando sepultamento em c\u00e2maras frias. Cinco deles est\u00e3o armazenados no Hospital Municipal Padre Germano Lauck, enquanto um corpo permanece sob os cuidados da Pol\u00edcia Cient\u00edfica. Justi\u00e7a exige plano emergencial Diante do esgotamento total dos espa\u00e7os, a Justi\u00e7a determinou [&hellip;]<\/p>\n","protected":false},"author":0,"featured_media":34594,"comment_status":"open","ping_status":"open","sticky":false,"template":"","format":"standard","meta":{"footnotes":""},"categories":[18],"tags":[],"class_list":["post-34588","post","type-post","status-publish","format-standard","has-post-thumbnail","hentry","category-parana"],"_links":{"self":[{"href":"https:\/\/acontecenafronteira.com.br\/index.php\/wp-json\/wp\/v2\/posts\/34588","targetHints":{"allow":["GET"]}}],"collection":[{"href":"https:\/\/acontecenafronteira.com.br\/index.php\/wp-json\/wp\/v2\/posts"}],"about":[{"href":"https:\/\/acontecenafronteira.com.br\/index.php\/wp-json\/wp\/v2\/types\/post"}],"replies":[{"embeddable":true,"href":"https:\/\/acontecenafronteira.com.br\/index.php\/wp-json\/wp\/v2\/comments?post=34588"}],"version-history":[{"count":1,"href":"https:\/\/acontecenafronteira.com.br\/index.php\/wp-json\/wp\/v2\/posts\/34588\/revisions"}],"predecessor-version":[{"id":34593,"href":"https:\/\/acontecenafronteira.com.br\/index.php\/wp-json\/wp\/v2\/posts\/34588\/revisions\/34593"}],"wp:featuredmedia":[{"embeddable":true,"href":"https:\/\/acontecenafronteira.com.br\/index.php\/wp-json\/wp\/v2\/media\/34594"}],"wp:attachment":[{"href":"https:\/\/acontecenafronteira.com.br\/index.php\/wp-json\/wp\/v2\/media?parent=34588"}],"wp:term":[{"taxonomy":"category","embeddable":true,"href":"https:\/\/acontecenafronteira.com.br\/index.php\/wp-json\/wp\/v2\/categories?post=34588"},{"taxonomy":"post_tag","embeddable":true,"href":"https:\/\/acontecenafronteira.com.br\/index.php\/wp-json\/wp\/v2\/tags?post=34588"}],"curies":[{"name":"wp","href":"https:\/\/api.w.org\/{rel}","templated":true}]}}