{"id":34587,"date":"2026-09-03T16:36:01","date_gmt":"2026-09-03T19:36:01","guid":{"rendered":"https:\/\/acontecenafronteira.com.br\/?p=34587"},"modified":"2026-09-03T16:36:01","modified_gmt":"2026-09-03T19:36:01","slug":"feriado-7-de-setembro-dicas-de-transito-e-seguranca-nas-estradas","status":"publish","type":"post","link":"https:\/\/acontecenafronteira.com.br\/index.php\/2026\/09\/03\/feriado-7-de-setembro-dicas-de-transito-e-seguranca-nas-estradas\/","title":{"rendered":"Feriado 7 de Setembro: dicas de tr\u00e2nsito e seguran\u00e7a nas estradas"},"content":{"rendered":"<p>O feriad\u00e3o da Independ\u00eancia promete estradas movimentadas em todo o estado. Para garantir uma viagem tranquila e sem surpresas desagradables, motoristas que pretendem pegar a estrada devem redobrar os cuidados com a manuten\u00e7\u00e3o do autom\u00f3vel e o planejamento do trajeto, especialmente nos 432 quil\u00f4metros de malha vi\u00e1ria administrados pela Via Campo, que abrangem rodovias federais e estaduais como as BRs 163, 369 e 467, al\u00e9m das PRs 467, 158, 317, 977 e 978.<\/p>\n<h2>Check-list essencial antes de pegar a estrada<\/h2>\n<p>Uma vistoria veicular detalhada \u00e9 o primeiro passo para prevenir acidentes e panes mec\u00e2nicas. Os condutores devem inspecionar cuidadosamente a calibragem e o desgaste dos <strong>pneus<\/strong>, verificar o funcionamento de todos os <strong>far\u00f3is<\/strong> e testar a efic\u00e1cia do sistema de <strong>freios<\/strong>, prestando aten\u00e7\u00e3o em eventuais ru\u00eddos ou falhas no pedal.<\/p>\n<p>Al\u00e9m disso, \u00e9 fundamental checar o estado das <strong>palhetas do limpador de para-brisa<\/strong>, os <strong>n\u00edveis de \u00e1gua e \u00f3leo<\/strong> do motor para evitar superaquecimento, e garantir que o ve\u00edculo saia com o <strong>tanque de combust\u00edvel<\/strong> cheio. O <strong>kit de seguran\u00e7a<\/strong> tamb\u00e9m exige aten\u00e7\u00e3o, sendo obrigat\u00f3rio conferir o <strong>estepe<\/strong>, o <strong>macaco<\/strong> e o tri\u00e2ngulo de sinaliza\u00e7\u00e3o.<\/p>\n<h2>Hor\u00e1rios de pico e previs\u00e3o do tempo<\/h2>\n<p>Antecipar-se aos hor\u00e1rios de maior fluxo veicular \u00e9 uma estrat\u00e9gia eficiente para fugir dos congestionamentos. A concession\u00e1ria estima que o tr\u00e1fego atinja o pico na sexta-feira (4), entre 17h e 19h. J\u00e1 no retorno do feriad\u00e3o, na segunda-feira (7), o movimento mais intenso \u00e9 esperado no final da tarde, das 16h \u00e0s 18h. A orienta\u00e7\u00e3o \u00e9 sair com anteced\u00eancia e monitorar a <strong>previs\u00e3o do tempo<\/strong> para evitar surpresas com chuvas fortes ou neblina.<\/p>\n<h2>Respeito \u00e0s leis de tr\u00e2nsito e seguran\u00e7a dos passageiros<\/h2>\n<p>Cumprir rigorosamente os <strong>limites de velocidade<\/strong> sinalizados ao longo do percurso \u00e9 imprescind\u00edvel para prevenir <strong>sinistros<\/strong>. Os condutores tamb\u00e9m precisam manter uma <strong>dist\u00e2ncia segura<\/strong> do carro da frente, verificar a validade dos <strong>documentos de porte obrigat\u00f3rio<\/strong> e abolir o uso do <strong>celular ao volante<\/strong>. O uso do <strong>cinto de seguran\u00e7a<\/strong> \u00e9 obrigat\u00f3rio para todos os ocupantes, lembrando que crian\u00e7as de at\u00e9 10 anos ou com altura inferior a 1,45 metro devem viajar acomodadas na <strong>cadeirinha infantil<\/strong> adequada.<\/p>\n<h2>Monitoramento cont\u00ednuo e suporte ao motorista<\/h2>\n<p>Durante todo o trajeto, as equipes do <strong>Centro de Controle Operacional (CCO)<\/strong> realizam a inspe\u00e7\u00e3o cont\u00ednua da via e o monitoramento 24 horas por dia, atuando em conjunto com servi\u00e7os de emerg\u00eancia. Caso ocorra algum imprevisto, os usu\u00e1rios t\u00eam \u00e0 disposi\u00e7\u00e3o o suporte pelo telefone <strong>0800 369 0163<\/strong>, al\u00e9m de <strong>totens de autoatendimento<\/strong> espalhados pela rodovia e atualiza\u00e7\u00f5es de tr\u00e2nsito em tempo real por meio de um <strong>canal oficial no WhatsApp<\/strong>.<\/p>\n<p>Por Reda\u00e7\u00e3o Acontece<\/p>\n<p>Divulga\u00e7\u00e3o<\/p>\n","protected":false},"excerpt":{"rendered":"<p>O feriad\u00e3o da Independ\u00eancia promete estradas movimentadas em todo o estado. Para garantir uma viagem tranquila e sem surpresas desagradables, motoristas que pretendem pegar a estrada devem redobrar os cuidados com a manuten\u00e7\u00e3o do autom\u00f3vel e o planejamento do trajeto, especialmente nos 432 quil\u00f4metros de malha vi\u00e1ria administrados pela Via Campo, que abrangem rodovias federais [&hellip;]<\/p>\n","protected":false},"author":0,"featured_media":34592,"comment_status":"open","ping_status":"open","sticky":false,"template":"","format":"standard","meta":{"footnotes":""},"categories":[18],"tags":[],"class_list":["post-34587","post","type-post","status-publish","format-standard","has-post-thumbnail","hentry","category-parana"],"_links":{"self":[{"href":"https:\/\/acontecenafronteira.com.br\/index.php\/wp-json\/wp\/v2\/posts\/34587","targetHints":{"allow":["GET"]}}],"collection":[{"href":"https:\/\/acontecenafronteira.com.br\/index.php\/wp-json\/wp\/v2\/posts"}],"about":[{"href":"https:\/\/acontecenafronteira.com.br\/index.php\/wp-json\/wp\/v2\/types\/post"}],"replies":[{"embeddable":true,"href":"https:\/\/acontecenafronteira.com.br\/index.php\/wp-json\/wp\/v2\/comments?post=34587"}],"version-history":[{"count":1,"href":"https:\/\/acontecenafronteira.com.br\/index.php\/wp-json\/wp\/v2\/posts\/34587\/revisions"}],"predecessor-version":[{"id":34591,"href":"https:\/\/acontecenafronteira.com.br\/index.php\/wp-json\/wp\/v2\/posts\/34587\/revisions\/34591"}],"wp:featuredmedia":[{"embeddable":true,"href":"https:\/\/acontecenafronteira.com.br\/index.php\/wp-json\/wp\/v2\/media\/34592"}],"wp:attachment":[{"href":"https:\/\/acontecenafronteira.com.br\/index.php\/wp-json\/wp\/v2\/media?parent=34587"}],"wp:term":[{"taxonomy":"category","embeddable":true,"href":"https:\/\/acontecenafronteira.com.br\/index.php\/wp-json\/wp\/v2\/categories?post=34587"},{"taxonomy":"post_tag","embeddable":true,"href":"https:\/\/acontecenafronteira.com.br\/index.php\/wp-json\/wp\/v2\/tags?post=34587"}],"curies":[{"name":"wp","href":"https:\/\/api.w.org\/{rel}","templated":true}]}}