{"id":34570,"date":"2026-09-03T15:37:29","date_gmt":"2026-09-03T18:37:29","guid":{"rendered":"https:\/\/acontecenafronteira.com.br\/?p=34570"},"modified":"2026-09-03T15:37:29","modified_gmt":"2026-09-03T18:37:29","slug":"patrimonio-de-aecio-neves-salta-para-r-225-mi-na-disputa-em-mg","status":"publish","type":"post","link":"https:\/\/acontecenafronteira.com.br\/index.php\/2026\/09\/03\/patrimonio-de-aecio-neves-salta-para-r-225-mi-na-disputa-em-mg\/","title":{"rendered":"Patrim\u00f4nio de A\u00e9cio Neves salta para R$ 22,5 mi na disputa em MG"},"content":{"rendered":"<p>O candidato ao Senado por Minas Gerais, A\u00e9cio Neves (PSDB-MG), declarou \u00e0 Justi\u00e7a Eleitoral um patrim\u00f4nio total de R$ 22,5 milh\u00f5es neste ano. O valor representa um salto expressivo em rela\u00e7\u00e3o aos R$ 2,3 milh\u00f5es \u2014 quantia corrigida pelo IPCA \u2014 informados por ele quando registrou sua candidatura a deputado federal em 2022, conforme dados dispon\u00edveis no portal DivulgaCand.<\/p>\n<h2>Origem do crescimento patrimonial<\/h2>\n<p>O aumento expressivo nos bens do pol\u00edtico mineiro decorre, fundamentalmente, do recebimento de uma heran\u00e7a ap\u00f3s o falecimento de sua m\u00e3e em 2023, montante estimado em cerca de R$ 20 milh\u00f5es.<\/p>\n<p>Entre os bens repassados por sucess\u00e3o familiar, destacam-se propriedades imobili\u00e1rias localizadas nos estados de Santa Catarina e do Rio de Janeiro, cujo valor somado atinge R$ 8,60 milh\u00f5es. Al\u00e9m disso, o esp\u00f3lio incluiu R$ 6,03 milh\u00f5es em investimentos e aplica\u00e7\u00f5es financeiras, bem como um bem raiz no campo avaliado em R$ 3,61 milh\u00f5es.<\/p>\n<h2>Evolu\u00e7\u00e3o de investimentos e ve\u00edculos<\/h2>\n<p>Na compara\u00e7\u00e3o com os dados apresentados em 2022, as aplica\u00e7\u00f5es financeiras do candidato passaram de R$ 365,3 mil para R$ 498 mil. O montante em ve\u00edculos automotores, entre carros e motos, tamb\u00e9m registrou alta, saltando de R$ 129,8 mil para R$ 542,3 mil.<\/p>\n<p>Por outro lado, o invent\u00e1rio de bens im\u00f3veis tradicionais permaneceu praticamente est\u00e1vel. Um apartamento situado em Belo Horizonte teve pequena varia\u00e7\u00e3o de R$ 220 mil para R$ 222 mil, enquanto um terreno de perfil rural manteve-se cotado em R$ 87 mil.<\/p>\n<h2>Contexto da candidatura e cen\u00e1rio eleitoral<\/h2>\n<p>A formaliza\u00e7\u00e3o da postula\u00e7\u00e3o de A\u00e9cio ocorreu na chapa encabe\u00e7ada pelo ex-prefeito da capital mineira Alexandre Kalil (PDT), ap\u00f3s a legenda abrir m\u00e3o da vaga anteriormente ocupada. O ex-governador ingressa na disputa de \u00faltima hora, substituindo os nomes de Marcelo Heringer (PDT) e Gustavo Galassi (PSDB).<\/p>\n<p>A nova investida ao Senado prolonga uma trajet\u00f3ria de duas d\u00e9cadas ininterruptas de disputas eleitorais, per\u00edodo que inclui dois mandatos \u00e0 frente do governo estadual entre 2003 e 2010 e a corrida presidencial de 2014. Pesquisas de inten\u00e7\u00e3o de voto recentes colocam o tucano em patamar competitivo, embora acompanhado de \u00edndices expressivos de rejei\u00e7\u00e3o no eleitorado.<\/p>\n<p>Por Reda\u00e7\u00e3o Acontece<\/p>\n<p>DivulgaCand \/ Tribunal Superior Eleitoral<\/p>\n","protected":false},"excerpt":{"rendered":"<p>O candidato ao Senado por Minas Gerais, A\u00e9cio Neves (PSDB-MG), declarou \u00e0 Justi\u00e7a Eleitoral um patrim\u00f4nio total de R$ 22,5 milh\u00f5es neste ano. O valor representa um salto expressivo em rela\u00e7\u00e3o aos R$ 2,3 milh\u00f5es \u2014 quantia corrigida pelo IPCA \u2014 informados por ele quando registrou sua candidatura a deputado federal em 2022, conforme dados [&hellip;]<\/p>\n","protected":false},"author":0,"featured_media":34578,"comment_status":"open","ping_status":"open","sticky":false,"template":"","format":"standard","meta":{"footnotes":""},"categories":[28],"tags":[],"class_list":["post-34570","post","type-post","status-publish","format-standard","has-post-thumbnail","hentry","category-mundo"],"_links":{"self":[{"href":"https:\/\/acontecenafronteira.com.br\/index.php\/wp-json\/wp\/v2\/posts\/34570","targetHints":{"allow":["GET"]}}],"collection":[{"href":"https:\/\/acontecenafronteira.com.br\/index.php\/wp-json\/wp\/v2\/posts"}],"about":[{"href":"https:\/\/acontecenafronteira.com.br\/index.php\/wp-json\/wp\/v2\/types\/post"}],"replies":[{"embeddable":true,"href":"https:\/\/acontecenafronteira.com.br\/index.php\/wp-json\/wp\/v2\/comments?post=34570"}],"version-history":[{"count":1,"href":"https:\/\/acontecenafronteira.com.br\/index.php\/wp-json\/wp\/v2\/posts\/34570\/revisions"}],"predecessor-version":[{"id":34577,"href":"https:\/\/acontecenafronteira.com.br\/index.php\/wp-json\/wp\/v2\/posts\/34570\/revisions\/34577"}],"wp:featuredmedia":[{"embeddable":true,"href":"https:\/\/acontecenafronteira.com.br\/index.php\/wp-json\/wp\/v2\/media\/34578"}],"wp:attachment":[{"href":"https:\/\/acontecenafronteira.com.br\/index.php\/wp-json\/wp\/v2\/media?parent=34570"}],"wp:term":[{"taxonomy":"category","embeddable":true,"href":"https:\/\/acontecenafronteira.com.br\/index.php\/wp-json\/wp\/v2\/categories?post=34570"},{"taxonomy":"post_tag","embeddable":true,"href":"https:\/\/acontecenafronteira.com.br\/index.php\/wp-json\/wp\/v2\/tags?post=34570"}],"curies":[{"name":"wp","href":"https:\/\/api.w.org\/{rel}","templated":true}]}}