{"id":34569,"date":"2026-09-03T15:37:18","date_gmt":"2026-09-03T18:37:18","guid":{"rendered":"https:\/\/acontecenafronteira.com.br\/?p=34569"},"modified":"2026-09-03T15:37:18","modified_gmt":"2026-09-03T18:37:18","slug":"fim-da-escala-6x1-vira-cabo-de-guerra-eleitoral-entre-lula-e-flavio","status":"publish","type":"post","link":"https:\/\/acontecenafronteira.com.br\/index.php\/2026\/09\/03\/fim-da-escala-6x1-vira-cabo-de-guerra-eleitoral-entre-lula-e-flavio\/","title":{"rendered":"Fim da escala 6&#215;1 vira cabo de guerra eleitoral entre Lula e Fl\u00e1vio"},"content":{"rendered":"<p>A discuss\u00e3o em torno do fim da jornada de trabalho de seis dias por um de descanso transformou-se no novo epicentro da disputa pol\u00edtica nacional. A aprova\u00e7\u00e3o da Proposta de Emenda \u00e0 Constitui\u00e7\u00e3o (PEC) na Comiss\u00e3o de Constitui\u00e7\u00e3o e Justi\u00e7a do Senado abriu caminho para um confronto direto entre o Pal\u00e1cio do Planalto e a ala governista ligada \u00e0 oposi\u00e7\u00e3o.<\/p>\n<h2>O embate pol\u00edtico sobre a jornada de trabalho<\/h2>\n<p>\nO chefe do Executivo federal culpou abertamente o grupo de oposi\u00e7\u00e3o no parlamento pelo travamento da pauta, citando diretamente o comando da campanha advers\u00e1ria. Segundo a avalia\u00e7\u00e3o governista, houve uma estrat\u00e9gia deliberada para impedir que o tema avan\u00e7asse para vota\u00e7\u00e3o definitiva no plen\u00e1rio da Casa legislativa.<\/p>\n<p>Em contrapartida, a resposta da coordena\u00e7\u00e3o oposicionista veio acompanhada de duras cr\u00edticas econ\u00f4micas. O senador respons\u00e1vel pela estrat\u00e9gia eleitoral do grupo rival classificou a medida como invi\u00e1vel, argumentando que a altera\u00e7\u00e3o legal traria impactos negativos severos para a economia, incluindo infla\u00e7\u00e3o e retra\u00e7\u00e3o na gera\u00e7\u00e3o de empregos formais.<\/p>\n<h2>Estrat\u00e9gias de campanha e polariza\u00e7\u00e3o<\/h2>\n<p>\nNos bastidores pol\u00edticos, analistas avaliam que o debate sobre a escala 6&#215;1 cumpre um duplo papel no tabuleiro eleitoral. Enquanto o governo tenta colar na imagem do opositor a pecha de resist\u00eancia aos direitos trabalhistas, a oposi\u00e7\u00e3o busca blindar seu principal candidato de temas espinhosos e, ao mesmo tempo, centralizar o protagonismo da discuss\u00e3o contra a gest\u00e3o atual.<\/p>\n<p>Pesquisas recentes de opini\u00e3o indicam patamares elevados de rejei\u00e7\u00e3o para ambas as principais figuras envolvidas no pleito, o que intensifica a busca por pautas de apelo popular para desgastar a imagem do rival. A estrat\u00e9gia petista tem apostado na narrativa de que a flexibiliza\u00e7\u00e3o trabalhista proposta pelo governo traria benef\u00edcios diretos e descanso ampliado sem preju\u00edzo salarial.<\/p>\n<p>Por outro lado, a resist\u00eancia articulada no Congresso buscou alternativas baseadas na flexibiliza\u00e7\u00e3o de jornadas, enquanto a vota\u00e7\u00e3o final na comiss\u00e3o registrou resist\u00eancia m\u00ednima de parlamentares, evidenciando a complexidade do cen\u00e1rio pol\u00edtico entre os dois turnos eleitorais.<\/p>\n<p>Por Reda\u00e7\u00e3o Acontece<\/p>\n<p>Cr\u00e9ditos da imagem: Divulga\u00e7\u00e3o \/ Ag\u00eancia Senado<\/p>\n","protected":false},"excerpt":{"rendered":"<p>A discuss\u00e3o em torno do fim da jornada de trabalho de seis dias por um de descanso transformou-se no novo epicentro da disputa pol\u00edtica nacional. A aprova\u00e7\u00e3o da Proposta de Emenda \u00e0 Constitui\u00e7\u00e3o (PEC) na Comiss\u00e3o de Constitui\u00e7\u00e3o e Justi\u00e7a do Senado abriu caminho para um confronto direto entre o Pal\u00e1cio do Planalto e a [&hellip;]<\/p>\n","protected":false},"author":0,"featured_media":34576,"comment_status":"open","ping_status":"open","sticky":false,"template":"","format":"standard","meta":{"footnotes":""},"categories":[28],"tags":[],"class_list":["post-34569","post","type-post","status-publish","format-standard","has-post-thumbnail","hentry","category-mundo"],"_links":{"self":[{"href":"https:\/\/acontecenafronteira.com.br\/index.php\/wp-json\/wp\/v2\/posts\/34569","targetHints":{"allow":["GET"]}}],"collection":[{"href":"https:\/\/acontecenafronteira.com.br\/index.php\/wp-json\/wp\/v2\/posts"}],"about":[{"href":"https:\/\/acontecenafronteira.com.br\/index.php\/wp-json\/wp\/v2\/types\/post"}],"replies":[{"embeddable":true,"href":"https:\/\/acontecenafronteira.com.br\/index.php\/wp-json\/wp\/v2\/comments?post=34569"}],"version-history":[{"count":1,"href":"https:\/\/acontecenafronteira.com.br\/index.php\/wp-json\/wp\/v2\/posts\/34569\/revisions"}],"predecessor-version":[{"id":34575,"href":"https:\/\/acontecenafronteira.com.br\/index.php\/wp-json\/wp\/v2\/posts\/34569\/revisions\/34575"}],"wp:featuredmedia":[{"embeddable":true,"href":"https:\/\/acontecenafronteira.com.br\/index.php\/wp-json\/wp\/v2\/media\/34576"}],"wp:attachment":[{"href":"https:\/\/acontecenafronteira.com.br\/index.php\/wp-json\/wp\/v2\/media?parent=34569"}],"wp:term":[{"taxonomy":"category","embeddable":true,"href":"https:\/\/acontecenafronteira.com.br\/index.php\/wp-json\/wp\/v2\/categories?post=34569"},{"taxonomy":"post_tag","embeddable":true,"href":"https:\/\/acontecenafronteira.com.br\/index.php\/wp-json\/wp\/v2\/tags?post=34569"}],"curies":[{"name":"wp","href":"https:\/\/api.w.org\/{rel}","templated":true}]}}