{"id":34568,"date":"2026-09-03T15:37:12","date_gmt":"2026-09-03T18:37:12","guid":{"rendered":"https:\/\/acontecenafronteira.com.br\/?p=34568"},"modified":"2026-09-03T15:37:12","modified_gmt":"2026-09-03T18:37:12","slug":"aprovados-da-policia-civil-cobram-convocacao-do-governo-do-rj","status":"publish","type":"post","link":"https:\/\/acontecenafronteira.com.br\/index.php\/2026\/09\/03\/aprovados-da-policia-civil-cobram-convocacao-do-governo-do-rj\/","title":{"rendered":"Aprovados da Pol\u00edcia Civil cobram convoca\u00e7\u00e3o do governo do RJ"},"content":{"rendered":"<p>Representantes dos aprovados no concurso p\u00fablico da Pol\u00edcia Civil do Rio de Janeiro se reuniram, no final da tarde de quarta-feira, com o governador em exerc\u00edcio, Ricardo Couto, no Pal\u00e1cio Guanabara. A audi\u00eancia ocorreu ap\u00f3s uma manifesta\u00e7\u00e3o organizada pelo grupo para pressionar o poder p\u00fablico por uma resposta definitiva sobre a convoca\u00e7\u00e3o para as pr\u00f3ximas fases da sele\u00e7\u00e3o.<\/p>\n<h2>Situa\u00e7\u00e3o atual dos candidatos no certame<\/h2>\n<p>Atualmente, o movimento \u00e9 composto por 1.177 candidatos que conclu\u00edram com sucesso todas as etapas exigidas at\u00e9 o momento, o que engloba a prova objetiva, o Teste de Aptid\u00e3o F\u00edsica (TAF), os exames de sa\u00fade e a avalia\u00e7\u00e3o psicot\u00e9cnica. O objetivo principal da categoria \u00e9 ingressar na Academia Estadual de Pol\u00edcia Sylvio Terra (Acadepol), \u00faltima fase antes da efetiva\u00e7\u00e3o nos cargos.<\/p>\n<p>Durante a conversa no Pal\u00e1cio Guanabara, a comiss\u00e3o entregou uma pasta contendo documentos oficiais sobre o certame e refor\u00e7ou a urg\u00eancia do chamamento. Segundo os participantes da reuni\u00e3o, o governador em exerc\u00edcio afirmou que vai analisar todo o material apresentado antes de dar um retorno oficial.<\/p>\n<h2>Impacto na seguran\u00e7a p\u00fablica do estado<\/h2>\n<p>Al\u00e9m da cobran\u00e7a administrativa, os manifestantes destacam que a contrata\u00e7\u00e3o imediata \u00e9 fundamental para a recomposi\u00e7\u00e3o do efetivo da Pol\u00edcia Civil, o que traria melhorias diretas para a seguran\u00e7a p\u00fablica fluminense. O argumento principal \u00e9 que a car\u00eancia de policiais afeta a capacidade operativa das delegacias e investiga\u00e7\u00f5es em todo o territ\u00f3rio estadual.<\/p>\n<p>Como desdobramento do encontro, ficou agendada uma nova reuni\u00e3o para a pr\u00f3xima semana. Na ocasi\u00e3o, o governo estadual dever\u00e1 apresentar uma posi\u00e7\u00e3o oficial e possivelmente um cronograma com a previs\u00e3o de chamamento para a Acadepol, gerando expectativa entre os concurseiros.<\/p>\n<p>Por Reda\u00e7\u00e3o Acontece<\/p>\n<p>Cr\u00e9ditos da imagem: Divulga\u00e7\u00e3o \/ Governo do Estado<\/p>\n","protected":false},"excerpt":{"rendered":"<p>Representantes dos aprovados no concurso p\u00fablico da Pol\u00edcia Civil do Rio de Janeiro se reuniram, no final da tarde de quarta-feira, com o governador em exerc\u00edcio, Ricardo Couto, no Pal\u00e1cio Guanabara. A audi\u00eancia ocorreu ap\u00f3s uma manifesta\u00e7\u00e3o organizada pelo grupo para pressionar o poder p\u00fablico por uma resposta definitiva sobre a convoca\u00e7\u00e3o para as pr\u00f3ximas [&hellip;]<\/p>\n","protected":false},"author":0,"featured_media":34574,"comment_status":"open","ping_status":"open","sticky":false,"template":"","format":"standard","meta":{"footnotes":""},"categories":[28],"tags":[],"class_list":["post-34568","post","type-post","status-publish","format-standard","has-post-thumbnail","hentry","category-mundo"],"_links":{"self":[{"href":"https:\/\/acontecenafronteira.com.br\/index.php\/wp-json\/wp\/v2\/posts\/34568","targetHints":{"allow":["GET"]}}],"collection":[{"href":"https:\/\/acontecenafronteira.com.br\/index.php\/wp-json\/wp\/v2\/posts"}],"about":[{"href":"https:\/\/acontecenafronteira.com.br\/index.php\/wp-json\/wp\/v2\/types\/post"}],"replies":[{"embeddable":true,"href":"https:\/\/acontecenafronteira.com.br\/index.php\/wp-json\/wp\/v2\/comments?post=34568"}],"version-history":[{"count":1,"href":"https:\/\/acontecenafronteira.com.br\/index.php\/wp-json\/wp\/v2\/posts\/34568\/revisions"}],"predecessor-version":[{"id":34573,"href":"https:\/\/acontecenafronteira.com.br\/index.php\/wp-json\/wp\/v2\/posts\/34568\/revisions\/34573"}],"wp:featuredmedia":[{"embeddable":true,"href":"https:\/\/acontecenafronteira.com.br\/index.php\/wp-json\/wp\/v2\/media\/34574"}],"wp:attachment":[{"href":"https:\/\/acontecenafronteira.com.br\/index.php\/wp-json\/wp\/v2\/media?parent=34568"}],"wp:term":[{"taxonomy":"category","embeddable":true,"href":"https:\/\/acontecenafronteira.com.br\/index.php\/wp-json\/wp\/v2\/categories?post=34568"},{"taxonomy":"post_tag","embeddable":true,"href":"https:\/\/acontecenafronteira.com.br\/index.php\/wp-json\/wp\/v2\/tags?post=34568"}],"curies":[{"name":"wp","href":"https:\/\/api.w.org\/{rel}","templated":true}]}}