{"id":34567,"date":"2026-09-03T15:37:06","date_gmt":"2026-09-03T18:37:06","guid":{"rendered":"https:\/\/acontecenafronteira.com.br\/?p=34567"},"modified":"2026-09-03T15:37:06","modified_gmt":"2026-09-03T18:37:06","slug":"escandalo-no-stf-ministros-viram-alvo-de-criticas-apos-vazamento","status":"publish","type":"post","link":"https:\/\/acontecenafronteira.com.br\/index.php\/2026\/09\/03\/escandalo-no-stf-ministros-viram-alvo-de-criticas-apos-vazamento\/","title":{"rendered":"Esc\u00e2ndalo no STF: ministros viram alvo de cr\u00edticas ap\u00f3s vazamento"},"content":{"rendered":"<p>A imagem de capa de um dos principais jornais do pa\u00eds na data de hoje gerou revolta generalizada entre os cidad\u00e3os brasileiros, sendo amplamente interpretada como um desrespeito \u00e0 popula\u00e7\u00e3o.<\/p>\n<h2>O contraste entre o luto nacional e as gargalhadas na corte<\/h2>\n<p>Enquanto o pa\u00eds atravessa um per\u00edodo marcado por desesperan\u00e7a e consterna\u00e7\u00e3o, a cena em destaque mostra os ministros do Supremo Tribunal Federal Alexandre de Moraes, Gilmar Mendes e Cristiano Zanin sorrindo abertamente.<\/p>\n<h2>A gravidade do vazamento de mensagens<\/h2>\n<p>Esse registro visual gerou ainda mais indigna\u00e7\u00e3o devido \u00e0 recente revela\u00e7\u00e3o de 52 mensagens trocadas entre Alexandre de Moraes e Vorcaro.<\/p>\n<p>O conte\u00fado dessas conversas tem causado forte espanto na opini\u00e3o p\u00fablica, indo muito al\u00e9m de meras suspeitas de irregularidades financeiras.<\/p>\n<p>Para muitos especialistas e cidad\u00e3os, os di\u00e1logos expostos sugerem um grave comprometimento da \u00e9tica e da integridade moral dentro das mais altas esferas do poder judici\u00e1rio brasileiro.<\/p>\n<p>O epis\u00f3dio aprofunda a crise de confian\u00e7a institucional e deixa a sociedade em estado de alerta quanto aos rumos da justi\u00e7a no pa\u00eds.<\/p>\n<p>Por Reda\u00e7\u00e3o Acontece<\/p>\n<p>Cr\u00e9ditos da imagem: Reprodu\u00e7\u00e3o \/ Redes Sociais<\/p>\n","protected":false},"excerpt":{"rendered":"<p>A imagem de capa de um dos principais jornais do pa\u00eds na data de hoje gerou revolta generalizada entre os cidad\u00e3os brasileiros, sendo amplamente interpretada como um desrespeito \u00e0 popula\u00e7\u00e3o. O contraste entre o luto nacional e as gargalhadas na corte Enquanto o pa\u00eds atravessa um per\u00edodo marcado por desesperan\u00e7a e consterna\u00e7\u00e3o, a cena em [&hellip;]<\/p>\n","protected":false},"author":0,"featured_media":34572,"comment_status":"open","ping_status":"open","sticky":false,"template":"","format":"standard","meta":{"footnotes":""},"categories":[28],"tags":[],"class_list":["post-34567","post","type-post","status-publish","format-standard","has-post-thumbnail","hentry","category-mundo"],"_links":{"self":[{"href":"https:\/\/acontecenafronteira.com.br\/index.php\/wp-json\/wp\/v2\/posts\/34567","targetHints":{"allow":["GET"]}}],"collection":[{"href":"https:\/\/acontecenafronteira.com.br\/index.php\/wp-json\/wp\/v2\/posts"}],"about":[{"href":"https:\/\/acontecenafronteira.com.br\/index.php\/wp-json\/wp\/v2\/types\/post"}],"replies":[{"embeddable":true,"href":"https:\/\/acontecenafronteira.com.br\/index.php\/wp-json\/wp\/v2\/comments?post=34567"}],"version-history":[{"count":1,"href":"https:\/\/acontecenafronteira.com.br\/index.php\/wp-json\/wp\/v2\/posts\/34567\/revisions"}],"predecessor-version":[{"id":34571,"href":"https:\/\/acontecenafronteira.com.br\/index.php\/wp-json\/wp\/v2\/posts\/34567\/revisions\/34571"}],"wp:featuredmedia":[{"embeddable":true,"href":"https:\/\/acontecenafronteira.com.br\/index.php\/wp-json\/wp\/v2\/media\/34572"}],"wp:attachment":[{"href":"https:\/\/acontecenafronteira.com.br\/index.php\/wp-json\/wp\/v2\/media?parent=34567"}],"wp:term":[{"taxonomy":"category","embeddable":true,"href":"https:\/\/acontecenafronteira.com.br\/index.php\/wp-json\/wp\/v2\/categories?post=34567"},{"taxonomy":"post_tag","embeddable":true,"href":"https:\/\/acontecenafronteira.com.br\/index.php\/wp-json\/wp\/v2\/tags?post=34567"}],"curies":[{"name":"wp","href":"https:\/\/api.w.org\/{rel}","templated":true}]}}