{"id":34560,"date":"2026-09-03T15:36:59","date_gmt":"2026-09-03T18:36:59","guid":{"rendered":"https:\/\/acontecenafronteira.com.br\/?p=34560"},"modified":"2026-09-03T15:36:59","modified_gmt":"2026-09-03T18:36:59","slug":"inundacoes-no-nepal-e-tibete-deixam-1-280-mortos-e-milhares","status":"publish","type":"post","link":"https:\/\/acontecenafronteira.com.br\/index.php\/2026\/09\/03\/inundacoes-no-nepal-e-tibete-deixam-1-280-mortos-e-milhares\/","title":{"rendered":"Inunda\u00e7\u00f5es no Nepal e Tibete deixam 1.280 mortos e milhares"},"content":{"rendered":"<p>As fortes inunda\u00e7\u00f5es registradas em 26 de agosto no Nepal e na regi\u00e3o aut\u00f4noma do Tibete resultaram em um saldo tr\u00e1gico de pelo menos 1.280 mortos, al\u00e9m de impressionantes 5.624 desaparecidos, segundo os \u00faltimos balan\u00e7os oficiais divulgados pelas autoridades locais.<\/p>\n<h2>Impacto humanit\u00e1rio da trag\u00e9dia<\/h2>\n<p>As opera\u00e7\u00f5es de busca continuam intensas nas \u00e1reas afetadas pelas cheias repentinas, que destru\u00edram infraestruturas inteiras e deixaram milhares de fam\u00edlias desabrigadas em meio \u00e0 lama e aos escombros.<\/p>\n<p>Equipes de resgate enfrentam grandes dificuldades geogr\u00e1ficas para acessar vilarejos isolados, enquanto hospitais locais operam no limite da capacidade para atender aos feridos resgatados com hipotermia e politraumatismos.<\/p>\n<h2>Causas e extens\u00e3o dos danos<\/h2>\n<p>Especialistas em meteorologia apontam que o volume at\u00edpico de chuvas mon\u00e7\u00f4nicas agravou drasticamente a situa\u00e7\u00e3o na cordilheira dos Himalaias, provocando o transbordamento de rios e lagos glaciais em ambas as regi\u00f5es.<\/p>\n<p>Governos locais e organiza\u00e7\u00f5es internacionais mobilizam recursos financeiros e suprimentos de emerg\u00eancia para evitar surtos de doen\u00e7as e prestar assist\u00eancia humanit\u00e1ria aos sobreviventes que perderam tudo.<\/p>\n<p>O evento extremo refor\u00e7a os alertas globais sobre a vulnerabilidade das comunidades montanhosas frente \u00e0s mudan\u00e7as clim\u00e1ticas e \u00e0 intensifica\u00e7\u00e3o de temporais severos na \u00c1sia.<\/p>\n<p>Por Reda\u00e7\u00e3o Acontece<\/p>\n<p>Cr\u00e9ditos da imagem: Divulga\u00e7\u00e3o \/ Defesa Civil<\/p>\n","protected":false},"excerpt":{"rendered":"<p>As fortes inunda\u00e7\u00f5es registradas em 26 de agosto no Nepal e na regi\u00e3o aut\u00f4noma do Tibete resultaram em um saldo tr\u00e1gico de pelo menos 1.280 mortos, al\u00e9m de impressionantes 5.624 desaparecidos, segundo os \u00faltimos balan\u00e7os oficiais divulgados pelas autoridades locais. Impacto humanit\u00e1rio da trag\u00e9dia As opera\u00e7\u00f5es de busca continuam intensas nas \u00e1reas afetadas pelas cheias [&hellip;]<\/p>\n","protected":false},"author":0,"featured_media":34566,"comment_status":"open","ping_status":"open","sticky":false,"template":"","format":"standard","meta":{"footnotes":""},"categories":[18],"tags":[],"class_list":["post-34560","post","type-post","status-publish","format-standard","has-post-thumbnail","hentry","category-parana"],"_links":{"self":[{"href":"https:\/\/acontecenafronteira.com.br\/index.php\/wp-json\/wp\/v2\/posts\/34560","targetHints":{"allow":["GET"]}}],"collection":[{"href":"https:\/\/acontecenafronteira.com.br\/index.php\/wp-json\/wp\/v2\/posts"}],"about":[{"href":"https:\/\/acontecenafronteira.com.br\/index.php\/wp-json\/wp\/v2\/types\/post"}],"replies":[{"embeddable":true,"href":"https:\/\/acontecenafronteira.com.br\/index.php\/wp-json\/wp\/v2\/comments?post=34560"}],"version-history":[{"count":1,"href":"https:\/\/acontecenafronteira.com.br\/index.php\/wp-json\/wp\/v2\/posts\/34560\/revisions"}],"predecessor-version":[{"id":34565,"href":"https:\/\/acontecenafronteira.com.br\/index.php\/wp-json\/wp\/v2\/posts\/34560\/revisions\/34565"}],"wp:featuredmedia":[{"embeddable":true,"href":"https:\/\/acontecenafronteira.com.br\/index.php\/wp-json\/wp\/v2\/media\/34566"}],"wp:attachment":[{"href":"https:\/\/acontecenafronteira.com.br\/index.php\/wp-json\/wp\/v2\/media?parent=34560"}],"wp:term":[{"taxonomy":"category","embeddable":true,"href":"https:\/\/acontecenafronteira.com.br\/index.php\/wp-json\/wp\/v2\/categories?post=34560"},{"taxonomy":"post_tag","embeddable":true,"href":"https:\/\/acontecenafronteira.com.br\/index.php\/wp-json\/wp\/v2\/tags?post=34560"}],"curies":[{"name":"wp","href":"https:\/\/api.w.org\/{rel}","templated":true}]}}