{"id":34558,"date":"2026-09-03T15:36:20","date_gmt":"2026-09-03T18:36:20","guid":{"rendered":"https:\/\/acontecenafronteira.com.br\/?p=34558"},"modified":"2026-09-03T15:36:20","modified_gmt":"2026-09-03T18:36:20","slug":"venezuela-fecha-acordo-de-petroleo-de-us-100-bi-com-eua","status":"publish","type":"post","link":"https:\/\/acontecenafronteira.com.br\/index.php\/2026\/09\/03\/venezuela-fecha-acordo-de-petroleo-de-us-100-bi-com-eua\/","title":{"rendered":"Venezuela fecha acordo de petr\u00f3leo de US$ 100 bi com EUA"},"content":{"rendered":"<p>A presidente interina da Venezuela, Delcy Rodr\u00edguez, divulgou oficialmente no dia 28 de agosto a assinatura de um expressivo <strong>acordo petrol\u00edfero<\/strong> com os Estados Unidos, avaliado em 100 bilh\u00f5es de d\u00f3lares. A declara\u00e7\u00e3o foi feita por meio de um comunicado conjunto que marca uma reviravolta nas rela\u00e7\u00f5es diplom\u00e1ticas e comerciais entre as duas na\u00e7\u00f5es.<\/p>\n<h2>Os termos da negocia\u00e7\u00e3o energ\u00e9tica<\/h2>\n<p>De acordo com as informa\u00e7\u00f5es divulgadas, o pacto comercial contempla investimentos massivos e a retomada expressiva na explora\u00e7\u00e3o de hidrocarbonetos. A parceria estrat\u00e9gica visa injetar capital estrangeiro na economia venezuelana, impulsionando a produ\u00e7\u00e3o de petr\u00f3leo em larga escala ap\u00f3s anos de forte retra\u00e7\u00e3o econ\u00f4mica e san\u00e7\u00f5es internacionais.<\/p>\n<h2>Impactos no mercado global<\/h2>\n<p>A alian\u00e7a entre Caracas e Washington promete redefinir o cen\u00e1rio geopol\u00edtico da energia. Analistas apontam que a entrada do petr\u00f3leo venezuelano no mercado norte-americano trar\u00e1 maior estabilidade aos pre\u00e7os internacionais e garantir\u00e1 o suprimento para refinarias dos Estados Unidos.<\/p>\n<p>A expectativa do governo interino \u00e9 que os recursos bilion\u00e1rios comecem a fluir nos pr\u00f3ximos meses, viabilizando a moderniza\u00e7\u00e3o de toda a infraestrutura extrativa do pa\u00eds sul-americano.<\/p>\n<p>O an\u00fancio representa um marco hist\u00f3rico na diplomacia recente, indicando uma nova fase de coopera\u00e7\u00e3o econ\u00f4mica e pragmatismo pol\u00edtico entre os governos.<\/p>\n<p>Por Reda\u00e7\u00e3o Acontece<\/p>\n<p>Cr\u00e9ditos da imagem: Divulga\u00e7\u00e3o\/Presid\u00eancia da Venezuela<\/p>\n","protected":false},"excerpt":{"rendered":"<p>A presidente interina da Venezuela, Delcy Rodr\u00edguez, divulgou oficialmente no dia 28 de agosto a assinatura de um expressivo acordo petrol\u00edfero com os Estados Unidos, avaliado em 100 bilh\u00f5es de d\u00f3lares. A declara\u00e7\u00e3o foi feita por meio de um comunicado conjunto que marca uma reviravolta nas rela\u00e7\u00f5es diplom\u00e1ticas e comerciais entre as duas na\u00e7\u00f5es. Os [&hellip;]<\/p>\n","protected":false},"author":0,"featured_media":34562,"comment_status":"open","ping_status":"open","sticky":false,"template":"","format":"standard","meta":{"footnotes":""},"categories":[18],"tags":[],"class_list":["post-34558","post","type-post","status-publish","format-standard","has-post-thumbnail","hentry","category-parana"],"_links":{"self":[{"href":"https:\/\/acontecenafronteira.com.br\/index.php\/wp-json\/wp\/v2\/posts\/34558","targetHints":{"allow":["GET"]}}],"collection":[{"href":"https:\/\/acontecenafronteira.com.br\/index.php\/wp-json\/wp\/v2\/posts"}],"about":[{"href":"https:\/\/acontecenafronteira.com.br\/index.php\/wp-json\/wp\/v2\/types\/post"}],"replies":[{"embeddable":true,"href":"https:\/\/acontecenafronteira.com.br\/index.php\/wp-json\/wp\/v2\/comments?post=34558"}],"version-history":[{"count":1,"href":"https:\/\/acontecenafronteira.com.br\/index.php\/wp-json\/wp\/v2\/posts\/34558\/revisions"}],"predecessor-version":[{"id":34561,"href":"https:\/\/acontecenafronteira.com.br\/index.php\/wp-json\/wp\/v2\/posts\/34558\/revisions\/34561"}],"wp:featuredmedia":[{"embeddable":true,"href":"https:\/\/acontecenafronteira.com.br\/index.php\/wp-json\/wp\/v2\/media\/34562"}],"wp:attachment":[{"href":"https:\/\/acontecenafronteira.com.br\/index.php\/wp-json\/wp\/v2\/media?parent=34558"}],"wp:term":[{"taxonomy":"category","embeddable":true,"href":"https:\/\/acontecenafronteira.com.br\/index.php\/wp-json\/wp\/v2\/categories?post=34558"},{"taxonomy":"post_tag","embeddable":true,"href":"https:\/\/acontecenafronteira.com.br\/index.php\/wp-json\/wp\/v2\/tags?post=34558"}],"curies":[{"name":"wp","href":"https:\/\/api.w.org\/{rel}","templated":true}]}}