{"id":34534,"date":"2026-09-03T14:37:46","date_gmt":"2026-09-03T17:37:46","guid":{"rendered":"https:\/\/acontecenafronteira.com.br\/?p=34534"},"modified":"2026-09-03T14:37:46","modified_gmt":"2026-09-03T17:37:46","slug":"candidato-e-acusado-de-usar-ia-para-criar-video-de-avo-falecido","status":"publish","type":"post","link":"https:\/\/acontecenafronteira.com.br\/index.php\/2026\/09\/03\/candidato-e-acusado-de-usar-ia-para-criar-video-de-avo-falecido\/","title":{"rendered":"Candidato \u00e9 acusado de usar IA para criar v\u00eddeo de av\u00f4 falecido"},"content":{"rendered":"<p>Um candidato a deputado estadual por S\u00e3o Paulo est\u00e1 enfrentando forte pol\u00eamica nas redes sociais ap\u00f3s ser acusado de utilizar intelig\u00eancia artificial para simular a participa\u00e7\u00e3o de seu av\u00f4 falecido em um v\u00eddeo de campanha eleitoral.<\/p>\n<h2>A pol\u00eamica do v\u00eddeo com IA<\/h2>\n<p>O influenciador Caio Fiori, filiado ao PSD, publicou uma grava\u00e7\u00e3o em que aparece conversando com o av\u00f4, conhecido carinhosamente na internet como Vov\u00f4 An\u00e9sio. No entanto, o idoso faleceu em junho, aos 88 anos, o que gerou forte rejei\u00e7\u00e3o e acusa\u00e7\u00f5es de que o material teria sido fabricado com o uso de tecnologia sint\u00e9tica.<\/p>\n<p>Na postagem feita em 23 de agosto, a figura virtual do av\u00f4 declara apoio \u00e0 pr\u00e9-candidatura do neto no estado paulista. Diante dos questionamentos na legenda, o pr\u00f3prio candidato tentou se antecipar \u00e0s cr\u00edticas sobre a suposta explora\u00e7\u00e3o da imagem do familiar.<\/p>\n<h2>Repercuss\u00e3o negativa entre os eleitores<\/h2>\n<p>A se\u00e7\u00e3o de coment\u00e1rios da publica\u00e7\u00e3o rapidamente se encheu de mensagens de reprova\u00e7\u00e3o por parte dos seguidores. Diversos internautas apontaram ind\u00edcios de manipula\u00e7\u00e3o digital e lamentaram o uso da imagem de uma pessoa que j\u00e1 morreu para fins pol\u00edticos.<\/p>\n<p>Frases como o questionamento sobre o descanso do idoso e cr\u00edticas ao tom bizarro da estrat\u00e9gia dominaram o espa\u00e7o de debate, enquanto o autor da postagem j\u00e1 havia negado anteriormente a utiliza\u00e7\u00e3o de recursos tecnol\u00f3gicos na fabrica\u00e7\u00e3o do conte\u00fado.<\/p>\n<h2>Regras do TSE sobre deepfakes<\/h2>\n<p>A controv\u00e9rsia ganha ainda mais relev\u00e2ncia no cen\u00e1rio jur\u00eddico atual, coincidindo com a recente decis\u00e3o do Tribunal Superior Eleitoral sobre o tema. A Corte estabeleceu diretrizes claras para identificar e punir o uso inadequado de conte\u00fados manipulados por tecnologia nas disputas eleitorais.<\/p>\n<p>De acordo com a nova tese aprovada pelo tribunal, qualquer material sint\u00e9tico que apresente alto grau de realismo para alterar imagem ou voz de indiv\u00edduos vivos, fict\u00edcios ou j\u00e1 falecidos pode ser enquadrado como deepfake e sofrer san\u00e7\u00f5es rigorosas.<\/p>\n<p>Este epis\u00f3dio evidencia os novos desafios \u00e9ticos e legais que o uso de ferramentas tecnol\u00f3gicas traz para a comunica\u00e7\u00e3o pol\u00edtica e o marketing de candidatos nas plataformas digitais.<\/p>\n<p>Por Reda\u00e7\u00e3o Acontece<\/p>\n<p>Cr\u00e9ditos da imagem: Reprodu\u00e7\u00e3o \/ Redes Sociais<\/p>\n","protected":false},"excerpt":{"rendered":"<p>Um candidato a deputado estadual por S\u00e3o Paulo est\u00e1 enfrentando forte pol\u00eamica nas redes sociais ap\u00f3s ser acusado de utilizar intelig\u00eancia artificial para simular a participa\u00e7\u00e3o de seu av\u00f4 falecido em um v\u00eddeo de campanha eleitoral. A pol\u00eamica do v\u00eddeo com IA O influenciador Caio Fiori, filiado ao PSD, publicou uma grava\u00e7\u00e3o em que aparece [&hellip;]<\/p>\n","protected":false},"author":0,"featured_media":34541,"comment_status":"open","ping_status":"open","sticky":false,"template":"","format":"standard","meta":{"footnotes":""},"categories":[28],"tags":[],"class_list":["post-34534","post","type-post","status-publish","format-standard","has-post-thumbnail","hentry","category-mundo"],"_links":{"self":[{"href":"https:\/\/acontecenafronteira.com.br\/index.php\/wp-json\/wp\/v2\/posts\/34534","targetHints":{"allow":["GET"]}}],"collection":[{"href":"https:\/\/acontecenafronteira.com.br\/index.php\/wp-json\/wp\/v2\/posts"}],"about":[{"href":"https:\/\/acontecenafronteira.com.br\/index.php\/wp-json\/wp\/v2\/types\/post"}],"replies":[{"embeddable":true,"href":"https:\/\/acontecenafronteira.com.br\/index.php\/wp-json\/wp\/v2\/comments?post=34534"}],"version-history":[{"count":1,"href":"https:\/\/acontecenafronteira.com.br\/index.php\/wp-json\/wp\/v2\/posts\/34534\/revisions"}],"predecessor-version":[{"id":34540,"href":"https:\/\/acontecenafronteira.com.br\/index.php\/wp-json\/wp\/v2\/posts\/34534\/revisions\/34540"}],"wp:featuredmedia":[{"embeddable":true,"href":"https:\/\/acontecenafronteira.com.br\/index.php\/wp-json\/wp\/v2\/media\/34541"}],"wp:attachment":[{"href":"https:\/\/acontecenafronteira.com.br\/index.php\/wp-json\/wp\/v2\/media?parent=34534"}],"wp:term":[{"taxonomy":"category","embeddable":true,"href":"https:\/\/acontecenafronteira.com.br\/index.php\/wp-json\/wp\/v2\/categories?post=34534"},{"taxonomy":"post_tag","embeddable":true,"href":"https:\/\/acontecenafronteira.com.br\/index.php\/wp-json\/wp\/v2\/tags?post=34534"}],"curies":[{"name":"wp","href":"https:\/\/api.w.org\/{rel}","templated":true}]}}