{"id":34532,"date":"2026-09-03T14:37:14","date_gmt":"2026-09-03T17:37:14","guid":{"rendered":"https:\/\/acontecenafronteira.com.br\/?p=34532"},"modified":"2026-09-03T14:37:14","modified_gmt":"2026-09-03T17:37:14","slug":"atacante-do-vasco-e-investigado-por-ligacao-com-chefe-do-trafico","status":"publish","type":"post","link":"https:\/\/acontecenafronteira.com.br\/index.php\/2026\/09\/03\/atacante-do-vasco-e-investigado-por-ligacao-com-chefe-do-trafico\/","title":{"rendered":"Atacante do Vasco \u00e9 investigado por liga\u00e7\u00e3o com chefe do tr\u00e1fico"},"content":{"rendered":"<p>A Pol\u00edcia Civil do Esp\u00edrito Santo investiga um poss\u00edvel envolvimento do atacante David, jogador do Vasco, com o tr\u00e1fico de drogas local ap\u00f3s descobrir mensagens suspeitas trocadas com o ex-agente do atleta, apontado como l\u00edder de uma fac\u00e7\u00e3o criminosa em Serra.<\/p>\n<h2>Investiga\u00e7\u00e3o policial e conversas comprometedoras<\/h2>\n<p>O caso veio \u00e0 tona durante as investiga\u00e7\u00f5es da Opera\u00e7\u00e3o A Tropa, que mira crimes de tr\u00e1fico de armas, drogas e lavagem de drogas na Regi\u00e3o Metropolitana de Vit\u00f3ria. No celular do ex-agente \u00c9dson Vander da Silva J\u00fanior, preso recentemente, os investigadores encontraram di\u00e1logos em que o atleta comenta sobre uma tentativa de homic\u00eddio ocorrida em mar\u00e7o de 2024, afirmando que a v\u00edtima &#8220;mereceu tomar uns tiros mesmo&#8221;.<\/p>\n<p>Em outra conversa analisada pelas autoridades policiais, o ex-agente encaminhou um \u00e1udio do suspeito de ser o atirador, identificado como Ruan de Freitas Camargo Cruz. Na mensagem, o criminoso pedia apoio financeiro para substituir um ve\u00edculo considerado &#8220;queimado&#8221; pela pol\u00edcia ap\u00f3s o atentado.<\/p>\n<h2>Suspeita de financiamento e mandados de busca<\/h2>\n<p>O delegado Rodrigo Sandi Mori, respons\u00e1vel pela Divis\u00e3o Especializada de Homic\u00eddios e Prote\u00e7\u00e3o \u00e0 Pessoa da Serra, destacou que o teor das conversas levantou fortes suspeitas sobre o <strong>financiamento do tr\u00e1fico<\/strong> na regi\u00e3o por parte do jogador profissional. Os investigadores tamb\u00e9m identificaram o envio de uma foto de pistola ao atleta, que teria respondido sobre a necessidade de eliminar rivais.<\/p>\n<p>Diante das evid\u00eancias levantadas pela Opera\u00e7\u00e3o A Tropa, agentes cumpriram mandados de busca e apreens\u00e3o na resid\u00eancia do atleta, localizada na Barra da Tijuca, no Rio de Janeiro, e tamb\u00e9m no centro de treinamento vasca\u00edno. Na ocasi\u00e3o, as equipes apreenderam dois aparelhos celulares pertencentes ao jogador.<\/p>\n<h2>Defesa e posicionamento do clube<\/h2>\n<p>Em depoimento prestado \u00e0s autoridades, o atacante negou veementemente qualquer participa\u00e7\u00e3o em esquemas criminosos ou com\u00e9rcio de entorpecentes e armas, admitindo apenas manter contato com conhecidos da inf\u00e2ncia no estado capixaba.<\/p>\n<p>A defesa jur\u00eddica e o empres\u00e1rio Andr\u00e9 Cury rejeitaram qualquer envolvimento do cliente com o crime organizado, pontuando que amizades de inf\u00e2ncia na periferia n\u00e3o implicam em cumplicidade delituosa. A diretoria do clube carioca informou que est\u00e1 colaborando com a justi\u00e7a e que o atleta seguir\u00e1 treinando e jogando normalmente at\u00e9 que haja uma defini\u00e7\u00e3o oficial do caso.<\/p>\n<p>Por Reda\u00e7\u00e3o Acontece<\/p>\n<p>Foto: Divulga\u00e7\u00e3o\/Pol\u00edcia Civil<\/p>\n","protected":false},"excerpt":{"rendered":"<p>A Pol\u00edcia Civil do Esp\u00edrito Santo investiga um poss\u00edvel envolvimento do atacante David, jogador do Vasco, com o tr\u00e1fico de drogas local ap\u00f3s descobrir mensagens suspeitas trocadas com o ex-agente do atleta, apontado como l\u00edder de uma fac\u00e7\u00e3o criminosa em Serra. Investiga\u00e7\u00e3o policial e conversas comprometedoras O caso veio \u00e0 tona durante as investiga\u00e7\u00f5es da [&hellip;]<\/p>\n","protected":false},"author":0,"featured_media":34537,"comment_status":"open","ping_status":"open","sticky":false,"template":"","format":"standard","meta":{"footnotes":""},"categories":[28],"tags":[],"class_list":["post-34532","post","type-post","status-publish","format-standard","has-post-thumbnail","hentry","category-mundo"],"_links":{"self":[{"href":"https:\/\/acontecenafronteira.com.br\/index.php\/wp-json\/wp\/v2\/posts\/34532","targetHints":{"allow":["GET"]}}],"collection":[{"href":"https:\/\/acontecenafronteira.com.br\/index.php\/wp-json\/wp\/v2\/posts"}],"about":[{"href":"https:\/\/acontecenafronteira.com.br\/index.php\/wp-json\/wp\/v2\/types\/post"}],"replies":[{"embeddable":true,"href":"https:\/\/acontecenafronteira.com.br\/index.php\/wp-json\/wp\/v2\/comments?post=34532"}],"version-history":[{"count":1,"href":"https:\/\/acontecenafronteira.com.br\/index.php\/wp-json\/wp\/v2\/posts\/34532\/revisions"}],"predecessor-version":[{"id":34536,"href":"https:\/\/acontecenafronteira.com.br\/index.php\/wp-json\/wp\/v2\/posts\/34532\/revisions\/34536"}],"wp:featuredmedia":[{"embeddable":true,"href":"https:\/\/acontecenafronteira.com.br\/index.php\/wp-json\/wp\/v2\/media\/34537"}],"wp:attachment":[{"href":"https:\/\/acontecenafronteira.com.br\/index.php\/wp-json\/wp\/v2\/media?parent=34532"}],"wp:term":[{"taxonomy":"category","embeddable":true,"href":"https:\/\/acontecenafronteira.com.br\/index.php\/wp-json\/wp\/v2\/categories?post=34532"},{"taxonomy":"post_tag","embeddable":true,"href":"https:\/\/acontecenafronteira.com.br\/index.php\/wp-json\/wp\/v2\/tags?post=34532"}],"curies":[{"name":"wp","href":"https:\/\/api.w.org\/{rel}","templated":true}]}}