{"id":34523,"date":"2026-09-03T14:37:06","date_gmt":"2026-09-03T17:37:06","guid":{"rendered":"https:\/\/acontecenafronteira.com.br\/?p=34523"},"modified":"2026-09-03T14:37:06","modified_gmt":"2026-09-03T17:37:06","slug":"oab-pr-pede-afastamento-de-moraes-e-suspeicao-de-gonet-no-stf","status":"publish","type":"post","link":"https:\/\/acontecenafronteira.com.br\/index.php\/2026\/09\/03\/oab-pr-pede-afastamento-de-moraes-e-suspeicao-de-gonet-no-stf\/","title":{"rendered":"OAB-PR pede afastamento de Moraes e suspei\u00e7\u00e3o de Gonet no STF"},"content":{"rendered":"<p>A OAB do Paran\u00e1 protocolou um pedido oficial junto ao Supremo Tribunal Federal solicitando o <strong>afastamento cautelar<\/strong> do ministro Alexandre de Moraes, al\u00e9m da declara\u00e7\u00e3o de suspei\u00e7\u00e3o do procurador-geral da Rep\u00fablica, Paulo Gonet, em um desdobramento judicial de grande repercuss\u00e3o no cen\u00e1rio pol\u00edtico e jur\u00eddico nacional.<\/p>\n<h2>Contexto do pedido no Supremo<\/h2>\n<p>A manifesta\u00e7\u00e3o da entidade paranaense levanta questionamentos jur\u00eddicos profundos sobre a condu\u00e7\u00e3o de investiga\u00e7\u00f5es em andamento na mais alta corte do pa\u00eds. Segundo os argumentos apresentados pela institui\u00e7\u00e3o, existem elementos que justificariam a medida extrema para garantir a lisura processual.<\/p>\n<h2>A posi\u00e7\u00e3o sobre a PGR<\/h2>\n<p>Al\u00e9m da solicita\u00e7\u00e3o direcionada ao ministro relator, o documento foca na atua\u00e7\u00e3o da Procuradoria-Geral da Rep\u00fablica. O pedido de suspei\u00e7\u00e3o contra <strong>Paulo Gonet<\/strong> baseia-se em supostos conflitos de compet\u00eancia e imparcialidade que, na vis\u00e3o da OAB-PR, comprometeriam a atua\u00e7\u00e3o do \u00f3rg\u00e3o acusador no caso.<\/p>\n<h2>Repercuss\u00e3o institucional<\/h2>\n<p>A iniciativa da seccional gerou debates acalorados entre operadores do direito e autoridades dos Tr\u00eas Poderes. Especialistas analisam os poss\u00edveis impactos institucionais que tal requerimento pode acarretar para a harmonia entre o sistema de Justi\u00e7a e a advocacia brasileira.<\/p>\n<p>O andamento dessas solicita\u00e7\u00f5es agora depende da an\u00e1lise interna da presid\u00eancia do STF e dos tr\u00e2mites regimentais cab\u00edveis, mantendo o caso no centro das aten\u00e7\u00f5es da imprensa e da sociedade civil.<\/p>\n<p>Por Reda\u00e7\u00e3o Acontece<\/p>\n<p>Cr\u00e9ditos da imagem: Divulga\u00e7\u00e3o \/ OAB-PR<\/p>\n","protected":false},"excerpt":{"rendered":"<p>A OAB do Paran\u00e1 protocolou um pedido oficial junto ao Supremo Tribunal Federal solicitando o afastamento cautelar do ministro Alexandre de Moraes, al\u00e9m da declara\u00e7\u00e3o de suspei\u00e7\u00e3o do procurador-geral da Rep\u00fablica, Paulo Gonet, em um desdobramento judicial de grande repercuss\u00e3o no cen\u00e1rio pol\u00edtico e jur\u00eddico nacional. Contexto do pedido no Supremo A manifesta\u00e7\u00e3o da entidade [&hellip;]<\/p>\n","protected":false},"author":0,"featured_media":34531,"comment_status":"open","ping_status":"open","sticky":false,"template":"","format":"standard","meta":{"footnotes":""},"categories":[18],"tags":[],"class_list":["post-34523","post","type-post","status-publish","format-standard","has-post-thumbnail","hentry","category-parana"],"_links":{"self":[{"href":"https:\/\/acontecenafronteira.com.br\/index.php\/wp-json\/wp\/v2\/posts\/34523","targetHints":{"allow":["GET"]}}],"collection":[{"href":"https:\/\/acontecenafronteira.com.br\/index.php\/wp-json\/wp\/v2\/posts"}],"about":[{"href":"https:\/\/acontecenafronteira.com.br\/index.php\/wp-json\/wp\/v2\/types\/post"}],"replies":[{"embeddable":true,"href":"https:\/\/acontecenafronteira.com.br\/index.php\/wp-json\/wp\/v2\/comments?post=34523"}],"version-history":[{"count":1,"href":"https:\/\/acontecenafronteira.com.br\/index.php\/wp-json\/wp\/v2\/posts\/34523\/revisions"}],"predecessor-version":[{"id":34530,"href":"https:\/\/acontecenafronteira.com.br\/index.php\/wp-json\/wp\/v2\/posts\/34523\/revisions\/34530"}],"wp:featuredmedia":[{"embeddable":true,"href":"https:\/\/acontecenafronteira.com.br\/index.php\/wp-json\/wp\/v2\/media\/34531"}],"wp:attachment":[{"href":"https:\/\/acontecenafronteira.com.br\/index.php\/wp-json\/wp\/v2\/media?parent=34523"}],"wp:term":[{"taxonomy":"category","embeddable":true,"href":"https:\/\/acontecenafronteira.com.br\/index.php\/wp-json\/wp\/v2\/categories?post=34523"},{"taxonomy":"post_tag","embeddable":true,"href":"https:\/\/acontecenafronteira.com.br\/index.php\/wp-json\/wp\/v2\/tags?post=34523"}],"curies":[{"name":"wp","href":"https:\/\/api.w.org\/{rel}","templated":true}]}}