{"id":34522,"date":"2026-09-03T14:37:03","date_gmt":"2026-09-03T17:37:03","guid":{"rendered":"https:\/\/acontecenafronteira.com.br\/?p=34522"},"modified":"2026-09-03T14:37:03","modified_gmt":"2026-09-03T17:37:03","slug":"parana-tera-feriadao-chuvoso-com-chegada-de-ciclone","status":"publish","type":"post","link":"https:\/\/acontecenafronteira.com.br\/index.php\/2026\/09\/03\/parana-tera-feriadao-chuvoso-com-chegada-de-ciclone\/","title":{"rendered":"Paran\u00e1 ter\u00e1 feriad\u00e3o chuvoso com chegada de ciclone"},"content":{"rendered":"<p>O clima no Paran\u00e1 sofrer\u00e1 uma reviravolta dr\u00e1stica a partir desta sexta-feira (4), interrompendo a sequ\u00eancia de dias ensolarados que predominava no estado. A principal motiva\u00e7\u00e3o para essa instabilidade clim\u00e1tica \u00e9 a forma\u00e7\u00e3o de um ciclone na regi\u00e3o do Paraguai, que come\u00e7a a influenciar diretamente as condi\u00e7\u00f5es meteorol\u00f3gicas em territ\u00f3rio paranaense.<\/p>\n<h2>Avan\u00e7o da frente fria e tempestades<\/h2>\n<p>O fen\u00f4meno meteorol\u00f3gico trar\u00e1 um volume significativo de precipita\u00e7\u00f5es, comprometendo o planejamento de quem pretendia aproveitar o feriad\u00e3o ao ar livre. As autoridades de meteorologia alertam para a possibilidade de temporais isolados, rajadas de vento intensas e queda acentuada nas temperaturas em diversas regi\u00f5es paranaenses.<\/p>\n<h2>Impacto no planejamento do feriado<\/h2>\n<p>A virada no tempo afeta tanto as \u00e1reas urbanas quanto as estradas, exigindo aten\u00e7\u00e3o redobrada dos motoristas que pegar\u00e3o as rodovias nos pr\u00f3ximos dias. A transi\u00e7\u00e3o r\u00e1pida entre o calor dos \u00faltimos dias e a chegada da massa de ar inst\u00e1vel cria um cen\u00e1rio prop\u00edcio para eventos clim\u00e1ticos severos.<\/p>\n<p>O monitoramento cont\u00ednuo das previs\u00f5es \u00e9 essencial para acompanhar a trajet\u00f3ria exata do sistema e os munic\u00edpios mais vulner\u00e1veis aos temporais.<\/p>\n<p>A recomenda\u00e7\u00e3o da Defesa Civil \u00e9 para que a popula\u00e7\u00e3o fique atenta aos alertas oficiais emitidos ao longo do final de semana prolongado, evitando \u00e1reas de risco e se preparando para acumulados expressivos de \u00e1gua.<\/p>\n<p>Por Reda\u00e7\u00e3o Acontece<\/p>\n<p>Cr\u00e9ditos da imagem: Divulga\u00e7\u00e3o\/Arquivo<\/p>\n","protected":false},"excerpt":{"rendered":"<p>O clima no Paran\u00e1 sofrer\u00e1 uma reviravolta dr\u00e1stica a partir desta sexta-feira (4), interrompendo a sequ\u00eancia de dias ensolarados que predominava no estado. A principal motiva\u00e7\u00e3o para essa instabilidade clim\u00e1tica \u00e9 a forma\u00e7\u00e3o de um ciclone na regi\u00e3o do Paraguai, que come\u00e7a a influenciar diretamente as condi\u00e7\u00f5es meteorol\u00f3gicas em territ\u00f3rio paranaense. Avan\u00e7o da frente fria [&hellip;]<\/p>\n","protected":false},"author":0,"featured_media":34529,"comment_status":"open","ping_status":"open","sticky":false,"template":"","format":"standard","meta":{"footnotes":""},"categories":[18],"tags":[],"class_list":["post-34522","post","type-post","status-publish","format-standard","has-post-thumbnail","hentry","category-parana"],"_links":{"self":[{"href":"https:\/\/acontecenafronteira.com.br\/index.php\/wp-json\/wp\/v2\/posts\/34522","targetHints":{"allow":["GET"]}}],"collection":[{"href":"https:\/\/acontecenafronteira.com.br\/index.php\/wp-json\/wp\/v2\/posts"}],"about":[{"href":"https:\/\/acontecenafronteira.com.br\/index.php\/wp-json\/wp\/v2\/types\/post"}],"replies":[{"embeddable":true,"href":"https:\/\/acontecenafronteira.com.br\/index.php\/wp-json\/wp\/v2\/comments?post=34522"}],"version-history":[{"count":1,"href":"https:\/\/acontecenafronteira.com.br\/index.php\/wp-json\/wp\/v2\/posts\/34522\/revisions"}],"predecessor-version":[{"id":34528,"href":"https:\/\/acontecenafronteira.com.br\/index.php\/wp-json\/wp\/v2\/posts\/34522\/revisions\/34528"}],"wp:featuredmedia":[{"embeddable":true,"href":"https:\/\/acontecenafronteira.com.br\/index.php\/wp-json\/wp\/v2\/media\/34529"}],"wp:attachment":[{"href":"https:\/\/acontecenafronteira.com.br\/index.php\/wp-json\/wp\/v2\/media?parent=34522"}],"wp:term":[{"taxonomy":"category","embeddable":true,"href":"https:\/\/acontecenafronteira.com.br\/index.php\/wp-json\/wp\/v2\/categories?post=34522"},{"taxonomy":"post_tag","embeddable":true,"href":"https:\/\/acontecenafronteira.com.br\/index.php\/wp-json\/wp\/v2\/tags?post=34522"}],"curies":[{"name":"wp","href":"https:\/\/api.w.org\/{rel}","templated":true}]}}