{"id":34521,"date":"2026-09-03T14:36:45","date_gmt":"2026-09-03T17:36:45","guid":{"rendered":"https:\/\/acontecenafronteira.com.br\/?p=34521"},"modified":"2026-09-03T14:36:45","modified_gmt":"2026-09-03T17:36:45","slug":"cataratas-do-iguacu-registram-vazao-5-vezes-acima-da-media","status":"publish","type":"post","link":"https:\/\/acontecenafronteira.com.br\/index.php\/2026\/09\/03\/cataratas-do-iguacu-registram-vazao-5-vezes-acima-da-media\/","title":{"rendered":"Cataratas do Igua\u00e7u registram vaz\u00e3o 5 vezes acima da m\u00e9dia"},"content":{"rendered":"<p>As famosas Cataratas do Igua\u00e7u, situadas em Foz do Igua\u00e7u, no oeste paranaense, surpreenderam visitantes e moradores ao apresentarem uma vaz\u00e3o h\u00eddrica aproximadamente cinco vezes superior \u00e0 m\u00e9dia hist\u00f3rica nesta semana.<\/p>\n<h2>Fen\u00f4meno impressiona turistas<\/h2>\n<p>O volume impressionante de \u00e1gua \u00e9 reflexo direto das precipita\u00e7\u00f5es intensas que atingiram a bacia do Rio Igua\u00e7u nos \u00faltimos dias. O cen\u00e1rio atrai dezenas de curiosos e amantes da natureza ao Parque Nacional do Igua\u00e7u.<\/p>\n<p>De acordo com o monitoramento oficial, o fluxo de \u00e1gua ultrapassou marcas expressivas, transformando o visual das quedas d&#8217;\u00e1gua em um espet\u00e1culo ainda mais grandioso e barulhento.<\/p>\n<h2>Impacto na visita\u00e7\u00e3o do parque<\/h2>\n<p>As passarelas que levam \u00e0 Garganta do Diabo, principal ponto tur\u00edstico do local, passam por monitoramento constante por parte da administra\u00e7\u00e3o para garantir a seguran\u00e7a de todos os visitantes.<\/p>\n<p>Apesar da for\u00e7a das \u00e1guas, os passeios continuam liberados, oferecendo uma experi\u00eancia \u00fanica para quem visita a fronteira entre Brasil e Argentina neste per\u00edodo de cheia.<\/p>\n<p>Especialistas em hidrologia continuam acompanhando o comportamento do rio, embora a tend\u00eancia seja de estabiliza\u00e7\u00e3o gradual nos pr\u00f3ximos dias caso as chuvas diminuam na regi\u00e3o.<\/p>\n<p>Por Reda\u00e7\u00e3o Acontece<\/p>\n<p>Cr\u00e9ditos da imagem: Divulga\u00e7\u00e3o\/Parque Nacional do Igua\u00e7u<\/p>\n","protected":false},"excerpt":{"rendered":"<p>As famosas Cataratas do Igua\u00e7u, situadas em Foz do Igua\u00e7u, no oeste paranaense, surpreenderam visitantes e moradores ao apresentarem uma vaz\u00e3o h\u00eddrica aproximadamente cinco vezes superior \u00e0 m\u00e9dia hist\u00f3rica nesta semana. Fen\u00f4meno impressiona turistas O volume impressionante de \u00e1gua \u00e9 reflexo direto das precipita\u00e7\u00f5es intensas que atingiram a bacia do Rio Igua\u00e7u nos \u00faltimos dias. [&hellip;]<\/p>\n","protected":false},"author":0,"featured_media":34527,"comment_status":"open","ping_status":"open","sticky":false,"template":"","format":"standard","meta":{"footnotes":""},"categories":[18],"tags":[],"class_list":["post-34521","post","type-post","status-publish","format-standard","has-post-thumbnail","hentry","category-parana"],"_links":{"self":[{"href":"https:\/\/acontecenafronteira.com.br\/index.php\/wp-json\/wp\/v2\/posts\/34521","targetHints":{"allow":["GET"]}}],"collection":[{"href":"https:\/\/acontecenafronteira.com.br\/index.php\/wp-json\/wp\/v2\/posts"}],"about":[{"href":"https:\/\/acontecenafronteira.com.br\/index.php\/wp-json\/wp\/v2\/types\/post"}],"replies":[{"embeddable":true,"href":"https:\/\/acontecenafronteira.com.br\/index.php\/wp-json\/wp\/v2\/comments?post=34521"}],"version-history":[{"count":1,"href":"https:\/\/acontecenafronteira.com.br\/index.php\/wp-json\/wp\/v2\/posts\/34521\/revisions"}],"predecessor-version":[{"id":34526,"href":"https:\/\/acontecenafronteira.com.br\/index.php\/wp-json\/wp\/v2\/posts\/34521\/revisions\/34526"}],"wp:featuredmedia":[{"embeddable":true,"href":"https:\/\/acontecenafronteira.com.br\/index.php\/wp-json\/wp\/v2\/media\/34527"}],"wp:attachment":[{"href":"https:\/\/acontecenafronteira.com.br\/index.php\/wp-json\/wp\/v2\/media?parent=34521"}],"wp:term":[{"taxonomy":"category","embeddable":true,"href":"https:\/\/acontecenafronteira.com.br\/index.php\/wp-json\/wp\/v2\/categories?post=34521"},{"taxonomy":"post_tag","embeddable":true,"href":"https:\/\/acontecenafronteira.com.br\/index.php\/wp-json\/wp\/v2\/tags?post=34521"}],"curies":[{"name":"wp","href":"https:\/\/api.w.org\/{rel}","templated":true}]}}