{"id":34520,"date":"2026-09-03T14:36:42","date_gmt":"2026-09-03T17:36:42","guid":{"rendered":"https:\/\/acontecenafronteira.com.br\/?p=34520"},"modified":"2026-09-03T14:36:42","modified_gmt":"2026-09-03T17:36:42","slug":"discord-tem-10-dias-para-adotar-medidas-protetivas-na-justica","status":"publish","type":"post","link":"https:\/\/acontecenafronteira.com.br\/index.php\/2026\/09\/03\/discord-tem-10-dias-para-adotar-medidas-protetivas-na-justica\/","title":{"rendered":"Discord tem 10 dias para adotar medidas protetivas na Justi\u00e7a"},"content":{"rendered":"<p>A Justi\u00e7a Federal no Distrito Federal determinou, nesta quarta-feira (2), que a plataforma de comunica\u00e7\u00e3o Discord apresente um plano de a\u00e7\u00e3o detalhado com medidas voltadas \u00e0 seguran\u00e7a de mulheres e crian\u00e7as em seu ambiente virtual. A determina\u00e7\u00e3o estabelece o prazo de dez dias para o cumprimento da ordem.<\/p>\n<h2>Exig\u00eancias de seguran\u00e7a na plataforma<\/h2>\n<p>A decis\u00e3o judicial surge em resposta a investiga\u00e7\u00f5es que apontam a vulnerabilidade de usu\u00e1rios, especialmente do p\u00fablico infantojuvenil, a crimes como aliciamento, explora\u00e7\u00e3o e viol\u00eancia digital.<\/p>\n<h2>Impacto das investiga\u00e7\u00f5es recentes<\/h2>\n<p>Casos graves envolvendo a atua\u00e7\u00e3o de grupos extremistas e criminosos dentro dos servidores da ferramenta chamaram a aten\u00e7\u00e3o das autoridades brasileiras, motivando a cobran\u00e7a por maior rigor na modera\u00e7\u00e3o de conte\u00fado e na identifica\u00e7\u00e3o de perfis suspeitos.<\/p>\n<p>At\u00e9 o momento, a empresa respons\u00e1vel pelo aplicativo n\u00e3o divulgou um posicionamento oficial sobre o teor das exig\u00eancias impostas pelo judici\u00e1rio federal.<\/p>\n<p>O endurecimento da fiscaliza\u00e7\u00e3o sobre as gigantes da tecnologia reflete a crescente preocupa\u00e7\u00e3o do Estado brasileiro com a seguran\u00e7a cibern\u00e9tica e a responsabiliza\u00e7\u00e3o das plataformas digitais por danos causados aos usu\u00e1rios.<\/p>\n<p>Por Reda\u00e7\u00e3o Acontece<\/p>\n<p>Cr\u00e9ditos da imagem: Reprodu\u00e7\u00e3o\/Discord<\/p>\n","protected":false},"excerpt":{"rendered":"<p>A Justi\u00e7a Federal no Distrito Federal determinou, nesta quarta-feira (2), que a plataforma de comunica\u00e7\u00e3o Discord apresente um plano de a\u00e7\u00e3o detalhado com medidas voltadas \u00e0 seguran\u00e7a de mulheres e crian\u00e7as em seu ambiente virtual. A determina\u00e7\u00e3o estabelece o prazo de dez dias para o cumprimento da ordem. Exig\u00eancias de seguran\u00e7a na plataforma A decis\u00e3o [&hellip;]<\/p>\n","protected":false},"author":0,"featured_media":34525,"comment_status":"open","ping_status":"open","sticky":false,"template":"","format":"standard","meta":{"footnotes":""},"categories":[18],"tags":[],"class_list":["post-34520","post","type-post","status-publish","format-standard","has-post-thumbnail","hentry","category-parana"],"_links":{"self":[{"href":"https:\/\/acontecenafronteira.com.br\/index.php\/wp-json\/wp\/v2\/posts\/34520","targetHints":{"allow":["GET"]}}],"collection":[{"href":"https:\/\/acontecenafronteira.com.br\/index.php\/wp-json\/wp\/v2\/posts"}],"about":[{"href":"https:\/\/acontecenafronteira.com.br\/index.php\/wp-json\/wp\/v2\/types\/post"}],"replies":[{"embeddable":true,"href":"https:\/\/acontecenafronteira.com.br\/index.php\/wp-json\/wp\/v2\/comments?post=34520"}],"version-history":[{"count":1,"href":"https:\/\/acontecenafronteira.com.br\/index.php\/wp-json\/wp\/v2\/posts\/34520\/revisions"}],"predecessor-version":[{"id":34524,"href":"https:\/\/acontecenafronteira.com.br\/index.php\/wp-json\/wp\/v2\/posts\/34520\/revisions\/34524"}],"wp:featuredmedia":[{"embeddable":true,"href":"https:\/\/acontecenafronteira.com.br\/index.php\/wp-json\/wp\/v2\/media\/34525"}],"wp:attachment":[{"href":"https:\/\/acontecenafronteira.com.br\/index.php\/wp-json\/wp\/v2\/media?parent=34520"}],"wp:term":[{"taxonomy":"category","embeddable":true,"href":"https:\/\/acontecenafronteira.com.br\/index.php\/wp-json\/wp\/v2\/categories?post=34520"},{"taxonomy":"post_tag","embeddable":true,"href":"https:\/\/acontecenafronteira.com.br\/index.php\/wp-json\/wp\/v2\/tags?post=34520"}],"curies":[{"name":"wp","href":"https:\/\/api.w.org\/{rel}","templated":true}]}}