{"id":34509,"date":"2026-09-03T13:36:57","date_gmt":"2026-09-03T16:36:57","guid":{"rendered":"https:\/\/acontecenafronteira.com.br\/?p=34509"},"modified":"2026-09-03T13:36:57","modified_gmt":"2026-09-03T16:36:57","slug":"lito-sousa-sai-do-hospital-e-faz-cuidados-paliativos-em-casa","status":"publish","type":"post","link":"https:\/\/acontecenafronteira.com.br\/index.php\/2026\/09\/03\/lito-sousa-sai-do-hospital-e-faz-cuidados-paliativos-em-casa\/","title":{"rendered":"Lito Sousa sai do hospital e faz cuidados paliativos em casa"},"content":{"rendered":"<p>O criador de conte\u00fado Lito Sousa, de 59 anos, recebeu alta do Hospital Israelita Albert Einstein, localizado na capital paulista, na \u00faltima ter\u00e7a-feira (1). Ele retornou para a sua resid\u00eancia para dar continuidade ao tratamento contra a <b>doen\u00e7a de Creutzfeldt-Jakob<\/b>, uma condi\u00e7\u00e3o neurol\u00f3gica extremamente rara e degenerativa.<\/p>\n<h2>Estrutura hospitalar em domic\u00edlio<\/h2>\n<p>Para receber o paciente com seguran\u00e7a, a fam\u00edlia precisou transformar parte da casa. O local recebeu uma completa adapta\u00e7\u00e3o com equipamentos de ponta para assegurar todo o suporte cl\u00ednico necess\u00e1rio.<\/p>\n<p>A esposa de Lito, Mila Seidl, confirmou a transfer\u00eancia para o ambiente dom\u00e9stico e detalhou a din\u00e2mica do atendimento. Atualmente, a rotina conta com uma equipe dedicada de quatro enfermeiros diariamente, divididos em turnos de dois profissionais.<\/p>\n<h2>Entendendo a doen\u00e7a de Creutzfeldt-Jakob<\/h2>\n<p>A enfermidade que acomete Lito Sousa \u00e9 provocada por prote\u00ednas anormais conhecidas como pr\u00edons. Trata-se de um quadro degenerativo do sistema nervoso que, at\u00e9 o momento, n\u00e3o possui cura ou tratamento capaz de reverter o seu avan\u00e7o.<\/p>\n<p>Nesta etapa do diagn\u00f3stico, o foco m\u00e9dico mudou para os <b>cuidados paliativos<\/b>. O objetivo principal \u00e9 garantir o m\u00e1ximo de conforto, dignidade e acompanhamento especializado ao longo do processo.<\/p>\n<p>Enquanto a assist\u00eancia domiciliar \u00e9 mantida com rigor, os familiares continuam em busca de alternativas m\u00e9dicas e tentam a inclus\u00e3o do especialista em avia\u00e7\u00e3o em estudos cl\u00ednicos experimentais.<\/p>\n<p>Por Reda\u00e7\u00e3o Acontece<\/p>\n<p>Cr\u00e9ditos da imagem: Reprodu\u00e7\u00e3o \/ Redes Sociais<\/p>\n","protected":false},"excerpt":{"rendered":"<p>O criador de conte\u00fado Lito Sousa, de 59 anos, recebeu alta do Hospital Israelita Albert Einstein, localizado na capital paulista, na \u00faltima ter\u00e7a-feira (1). Ele retornou para a sua resid\u00eancia para dar continuidade ao tratamento contra a doen\u00e7a de Creutzfeldt-Jakob, uma condi\u00e7\u00e3o neurol\u00f3gica extremamente rara e degenerativa. Estrutura hospitalar em domic\u00edlio Para receber o paciente [&hellip;]<\/p>\n","protected":false},"author":0,"featured_media":34514,"comment_status":"open","ping_status":"open","sticky":false,"template":"","format":"standard","meta":{"footnotes":""},"categories":[28],"tags":[],"class_list":["post-34509","post","type-post","status-publish","format-standard","has-post-thumbnail","hentry","category-mundo"],"_links":{"self":[{"href":"https:\/\/acontecenafronteira.com.br\/index.php\/wp-json\/wp\/v2\/posts\/34509","targetHints":{"allow":["GET"]}}],"collection":[{"href":"https:\/\/acontecenafronteira.com.br\/index.php\/wp-json\/wp\/v2\/posts"}],"about":[{"href":"https:\/\/acontecenafronteira.com.br\/index.php\/wp-json\/wp\/v2\/types\/post"}],"replies":[{"embeddable":true,"href":"https:\/\/acontecenafronteira.com.br\/index.php\/wp-json\/wp\/v2\/comments?post=34509"}],"version-history":[{"count":1,"href":"https:\/\/acontecenafronteira.com.br\/index.php\/wp-json\/wp\/v2\/posts\/34509\/revisions"}],"predecessor-version":[{"id":34513,"href":"https:\/\/acontecenafronteira.com.br\/index.php\/wp-json\/wp\/v2\/posts\/34509\/revisions\/34513"}],"wp:featuredmedia":[{"embeddable":true,"href":"https:\/\/acontecenafronteira.com.br\/index.php\/wp-json\/wp\/v2\/media\/34514"}],"wp:attachment":[{"href":"https:\/\/acontecenafronteira.com.br\/index.php\/wp-json\/wp\/v2\/media?parent=34509"}],"wp:term":[{"taxonomy":"category","embeddable":true,"href":"https:\/\/acontecenafronteira.com.br\/index.php\/wp-json\/wp\/v2\/categories?post=34509"},{"taxonomy":"post_tag","embeddable":true,"href":"https:\/\/acontecenafronteira.com.br\/index.php\/wp-json\/wp\/v2\/tags?post=34509"}],"curies":[{"name":"wp","href":"https:\/\/api.w.org\/{rel}","templated":true}]}}