{"id":34503,"date":"2026-09-03T13:36:36","date_gmt":"2026-09-03T16:36:36","guid":{"rendered":"https:\/\/acontecenafronteira.com.br\/?p=34503"},"modified":"2026-09-03T13:36:36","modified_gmt":"2026-09-03T16:36:36","slug":"empresa-de-ratinho-e-ratinho-junior-ganha-r-168-mi-do-master","status":"publish","type":"post","link":"https:\/\/acontecenafronteira.com.br\/index.php\/2026\/09\/03\/empresa-de-ratinho-e-ratinho-junior-ganha-r-168-mi-do-master\/","title":{"rendered":"Empresa de Ratinho e Ratinho Junior ganha R$ 1,68 mi do Master"},"content":{"rendered":"<p>A empresa Massa &amp; Massa, que conta entre seus s\u00f3cios com o apresentador de televis\u00e3o Carlos Massa, conhecido como Ratinho, e o governador do Paran\u00e1, Ratinho Junior (PSD), foi alvo de uma transa\u00e7\u00e3o financeira de grande repercuss\u00e3o. A firma recebeu um repasse no valor de R$ 1,68 milh\u00e3o originado do Banco Master.<\/p>\n<h2>Detalhes da transa\u00e7\u00e3o financeira<\/h2>\n<p>A transfer\u00eancia banc\u00e1ria chamou a aten\u00e7\u00e3o do cen\u00e1rio pol\u00edtico e econ\u00f4mico nacional devido ao envolvimento de figuras p\u00fablicas de primeiro escal\u00e3o. O Banco Master efetuou o pagamento para a sociedade empresarial gerida pela fam\u00edlia do pol\u00edtico paranaense e do famoso comunicador.<\/p>\n<h2>Contexto societ\u00e1rio e repercuss\u00e3o<\/h2>\n<p>At\u00e9 o momento, os detalhes contratuais que justificam a movimenta\u00e7\u00e3o financeira entre a institui\u00e7\u00e3o banc\u00e1ria e a corpora\u00e7\u00e3o dos empres\u00e1rios ainda geram debates nos bastidores da pol\u00edtica. Analistas acompanham de perto os desdobramentos dessa rela\u00e7\u00e3o comercial e seus poss\u00edveis reflexos na opini\u00e3o p\u00fablica.<\/p>\n<p>Novas informa\u00e7\u00f5es sobre a auditoria e os registros cont\u00e1beis da opera\u00e7\u00e3o devem vir \u00e0 tona nos pr\u00f3ximos dias, \u00e0 medida que \u00f3rg\u00e3os fiscalizadores aprofundem as investiga\u00e7\u00f5es sobre os fluxos de capital envolvendo o banco e empresas de pol\u00edticos.<\/p>\n<p>O caso permanece sob escrut\u00ednio da imprensa e de observadores atentos \u00e0s movimenta\u00e7\u00f5es financeiras entre o setor privado de cr\u00e9dito e empreendimentos ligados a autoridades p\u00fablicas brasileiras.<\/p>\n<p>Por Reda\u00e7\u00e3o Acontece<\/p>\n<p>Cr\u00e9ditos da imagem: Reprodu\u00e7\u00e3o<\/p>\n","protected":false},"excerpt":{"rendered":"<p>A empresa Massa &amp; Massa, que conta entre seus s\u00f3cios com o apresentador de televis\u00e3o Carlos Massa, conhecido como Ratinho, e o governador do Paran\u00e1, Ratinho Junior (PSD), foi alvo de uma transa\u00e7\u00e3o financeira de grande repercuss\u00e3o. A firma recebeu um repasse no valor de R$ 1,68 milh\u00e3o originado do Banco Master. Detalhes da transa\u00e7\u00e3o [&hellip;]<\/p>\n","protected":false},"author":0,"featured_media":34506,"comment_status":"open","ping_status":"open","sticky":false,"template":"","format":"standard","meta":{"footnotes":""},"categories":[18],"tags":[],"class_list":["post-34503","post","type-post","status-publish","format-standard","has-post-thumbnail","hentry","category-parana"],"_links":{"self":[{"href":"https:\/\/acontecenafronteira.com.br\/index.php\/wp-json\/wp\/v2\/posts\/34503","targetHints":{"allow":["GET"]}}],"collection":[{"href":"https:\/\/acontecenafronteira.com.br\/index.php\/wp-json\/wp\/v2\/posts"}],"about":[{"href":"https:\/\/acontecenafronteira.com.br\/index.php\/wp-json\/wp\/v2\/types\/post"}],"replies":[{"embeddable":true,"href":"https:\/\/acontecenafronteira.com.br\/index.php\/wp-json\/wp\/v2\/comments?post=34503"}],"version-history":[{"count":1,"href":"https:\/\/acontecenafronteira.com.br\/index.php\/wp-json\/wp\/v2\/posts\/34503\/revisions"}],"predecessor-version":[{"id":34505,"href":"https:\/\/acontecenafronteira.com.br\/index.php\/wp-json\/wp\/v2\/posts\/34503\/revisions\/34505"}],"wp:featuredmedia":[{"embeddable":true,"href":"https:\/\/acontecenafronteira.com.br\/index.php\/wp-json\/wp\/v2\/media\/34506"}],"wp:attachment":[{"href":"https:\/\/acontecenafronteira.com.br\/index.php\/wp-json\/wp\/v2\/media?parent=34503"}],"wp:term":[{"taxonomy":"category","embeddable":true,"href":"https:\/\/acontecenafronteira.com.br\/index.php\/wp-json\/wp\/v2\/categories?post=34503"},{"taxonomy":"post_tag","embeddable":true,"href":"https:\/\/acontecenafronteira.com.br\/index.php\/wp-json\/wp\/v2\/tags?post=34503"}],"curies":[{"name":"wp","href":"https:\/\/api.w.org\/{rel}","templated":true}]}}