{"id":34487,"date":"2026-09-03T12:37:30","date_gmt":"2026-09-03T15:37:30","guid":{"rendered":"https:\/\/acontecenafronteira.com.br\/?p=34487"},"modified":"2026-09-03T12:37:30","modified_gmt":"2026-09-03T15:37:30","slug":"jornalista-sofre-ameacas-de-morte-de-fa-de-anitta-e-vai-a-policia","status":"publish","type":"post","link":"https:\/\/acontecenafronteira.com.br\/index.php\/2026\/09\/03\/jornalista-sofre-ameacas-de-morte-de-fa-de-anitta-e-vai-a-policia\/","title":{"rendered":"Jornalista sofre amea\u00e7as de morte de f\u00e3 de Anitta e vai \u00e0 pol\u00edcia"},"content":{"rendered":"<p>O comunicador Alessandro Lo-Bianco acionou as autoridades policiais ap\u00f3s ser alvo de graves amea\u00e7as de morte e ofensas homof\u00f3bicas nas redes sociais, supostamente perpetradas por um admirador da artista carioca.<\/p>\n<h2>Amea\u00e7as p\u00fablicas e boletim de ocorr\u00eancia<\/h2>\n<p>De acordo com o relato divulgado na internet, o seguidor da cantora utilizou a plataforma X para intimidar o profissional, afirmando que o esfaquearia caso o encontrasse pessoalmente. Diante da gravidade da situa\u00e7\u00e3o, o material ofensivo foi documentado e um registro policial foi formalizado. A conta respons\u00e1vel pelas mensagens foi desativada logo ap\u00f3s a repercuss\u00e3o.<\/p>\n<h2>A\u00e7\u00f5es legais e medidas protetivas<\/h2>\n<p>A representa\u00e7\u00e3o jur\u00eddica do comunicador ingressou com pedidos formais para que a verdadeira identidade do dono do perfil seja revelada pelas autoridades. Al\u00e9m disso, a defesa requereu o estabelecimento de medidas protetivas para garantir a seguran\u00e7a f\u00edsica do profissional e avalia a possibilidade de solicitar uma pris\u00e3o preventiva, caso os crit\u00e9rios legais sejam atendidos.<\/p>\n<p>O advogado Diego C\u00e2ndido classificou o epis\u00f3dio como grav\u00edssimo, destacando a ocorr\u00eancia de crimes como amea\u00e7a e inj\u00faria com motiva\u00e7\u00e3o homof\u00f3bica, e garantiu que os respons\u00e1veis ser\u00e3o acionados com rigor tanto na esfera criminal quanto na c\u00edvel.<\/p>\n<p>As autoridades competentes j\u00e1 investigam o caso para localizar o autor das mensagens e assegurar que as puni\u00e7\u00f5es cab\u00edveis sejam aplicadas conforme a legisla\u00e7\u00e3o brasileira.<\/p>\n<p>Por Reda\u00e7\u00e3o Acontece<\/p>\n<p>Foto: Reprodu\u00e7\u00e3o<\/p>\n","protected":false},"excerpt":{"rendered":"<p>O comunicador Alessandro Lo-Bianco acionou as autoridades policiais ap\u00f3s ser alvo de graves amea\u00e7as de morte e ofensas homof\u00f3bicas nas redes sociais, supostamente perpetradas por um admirador da artista carioca. Amea\u00e7as p\u00fablicas e boletim de ocorr\u00eancia De acordo com o relato divulgado na internet, o seguidor da cantora utilizou a plataforma X para intimidar o [&hellip;]<\/p>\n","protected":false},"author":0,"featured_media":34492,"comment_status":"open","ping_status":"open","sticky":false,"template":"","format":"standard","meta":{"footnotes":""},"categories":[18],"tags":[],"class_list":["post-34487","post","type-post","status-publish","format-standard","has-post-thumbnail","hentry","category-parana"],"_links":{"self":[{"href":"https:\/\/acontecenafronteira.com.br\/index.php\/wp-json\/wp\/v2\/posts\/34487","targetHints":{"allow":["GET"]}}],"collection":[{"href":"https:\/\/acontecenafronteira.com.br\/index.php\/wp-json\/wp\/v2\/posts"}],"about":[{"href":"https:\/\/acontecenafronteira.com.br\/index.php\/wp-json\/wp\/v2\/types\/post"}],"replies":[{"embeddable":true,"href":"https:\/\/acontecenafronteira.com.br\/index.php\/wp-json\/wp\/v2\/comments?post=34487"}],"version-history":[{"count":1,"href":"https:\/\/acontecenafronteira.com.br\/index.php\/wp-json\/wp\/v2\/posts\/34487\/revisions"}],"predecessor-version":[{"id":34491,"href":"https:\/\/acontecenafronteira.com.br\/index.php\/wp-json\/wp\/v2\/posts\/34487\/revisions\/34491"}],"wp:featuredmedia":[{"embeddable":true,"href":"https:\/\/acontecenafronteira.com.br\/index.php\/wp-json\/wp\/v2\/media\/34492"}],"wp:attachment":[{"href":"https:\/\/acontecenafronteira.com.br\/index.php\/wp-json\/wp\/v2\/media?parent=34487"}],"wp:term":[{"taxonomy":"category","embeddable":true,"href":"https:\/\/acontecenafronteira.com.br\/index.php\/wp-json\/wp\/v2\/categories?post=34487"},{"taxonomy":"post_tag","embeddable":true,"href":"https:\/\/acontecenafronteira.com.br\/index.php\/wp-json\/wp\/v2\/tags?post=34487"}],"curies":[{"name":"wp","href":"https:\/\/api.w.org\/{rel}","templated":true}]}}