{"id":34476,"date":"2026-09-03T12:36:20","date_gmt":"2026-09-03T15:36:20","guid":{"rendered":"https:\/\/acontecenafronteira.com.br\/?p=34476"},"modified":"2026-09-03T12:36:20","modified_gmt":"2026-09-03T15:36:20","slug":"5-vinhos-cabernet-sauvignon-com-excelente-custo-beneficio","status":"publish","type":"post","link":"https:\/\/acontecenafronteira.com.br\/index.php\/2026\/09\/03\/5-vinhos-cabernet-sauvignon-com-excelente-custo-beneficio\/","title":{"rendered":"5 vinhos Cabernet Sauvignon com excelente custo-benef\u00edcio"},"content":{"rendered":"<p>Para celebrar o Dia da Cabernet Sauvignon, comemorado em 3 de setembro, selecionamos cinco r\u00f3tulos internacionais que unem alta qualidade e pre\u00e7os acess\u00edveis para os amantes de tintos encorpados.<\/p>\n<p>Conhecida mundialmente como a rainha das uvas tintas, a <b>Cabernet Sauvignon<\/b> se destaca pela versatilidade e personalidade marcante. Seus r\u00f3tulos oferecem aromas intensos, taninos firmes e teor alco\u00f3lico elevado, harmonizando perfeitamente com churrascos, carnes assadas, massas encorpadas e queijos maduros.<\/p>\n<h2>Op\u00e7\u00f5es da Am\u00e9rica do Sul<\/h2>\n<p>O mercado sul-americano traz excelentes representantes da variedade, como o chileno <b>Caliterra Reserva Cabernet Sauvignon<\/b>. Produzido no Vale de Colchagua por uma vin\u00edcola sustent\u00e1vel, este tinto amadurece por seis meses em carvalho franc\u00eas e traz notas de frutas vermelhas, especiarias e grafite.<\/p>\n<p>Outro destaque da regi\u00e3o \u00e9 o argentino <b>Alfredo Roca Fincas Cabernet Sauvignon<\/b>, elaborado em San Rafael, Mendoza. Com oito meses de barrica, o exemplar da vin\u00edcola familiar apresenta taninos macios e aromas de frutas maduras.<\/p>\n<h2>R\u00f3tulos da Europa e \u00c1frica do Sul<\/h2>\n<p>A It\u00e1lia marca presen\u00e7a com o <b>Stemmari Cantodoro Sicilia DOC<\/b>, um blend que une a uva principal \u00e0 t\u00edpica Nero d&#8217;Avola. A safra 2020 foi premiada como Best Buy pela revista Wine Enthusiast, destacando-se pela complexidade e notas de baunilha.<\/p>\n<p>Representando o continente africano, o sul-africano <b>Nederburg Cabernet Sauvignon<\/b> exibe aromas de frutas negras e chocolate, passando por seis meses em carvalho americano antes de chegar \u00e0 ta\u00e7a.<\/p>\n<p>Fechando a sele\u00e7\u00e3o, o franc\u00eas <b>Ch\u00e2teau Caronne Ste. Gemme 2019<\/b> impressiona pela alta gama e pontua\u00e7\u00e3o de 93 pontos do cr\u00edtico James Suckling, combinando eleg\u00e2ncia, tabaco e frutas em compota.<\/p>\n<p>Por Reda\u00e7\u00e3o Acontece<\/p>\n<p>Divulga\u00e7\u00e3o<\/p>\n","protected":false},"excerpt":{"rendered":"<p>Para celebrar o Dia da Cabernet Sauvignon, comemorado em 3 de setembro, selecionamos cinco r\u00f3tulos internacionais que unem alta qualidade e pre\u00e7os acess\u00edveis para os amantes de tintos encorpados. Conhecida mundialmente como a rainha das uvas tintas, a Cabernet Sauvignon se destaca pela versatilidade e personalidade marcante. Seus r\u00f3tulos oferecem aromas intensos, taninos firmes e [&hellip;]<\/p>\n","protected":false},"author":0,"featured_media":34482,"comment_status":"open","ping_status":"open","sticky":false,"template":"","format":"standard","meta":{"footnotes":""},"categories":[18],"tags":[],"class_list":["post-34476","post","type-post","status-publish","format-standard","has-post-thumbnail","hentry","category-parana"],"_links":{"self":[{"href":"https:\/\/acontecenafronteira.com.br\/index.php\/wp-json\/wp\/v2\/posts\/34476","targetHints":{"allow":["GET"]}}],"collection":[{"href":"https:\/\/acontecenafronteira.com.br\/index.php\/wp-json\/wp\/v2\/posts"}],"about":[{"href":"https:\/\/acontecenafronteira.com.br\/index.php\/wp-json\/wp\/v2\/types\/post"}],"replies":[{"embeddable":true,"href":"https:\/\/acontecenafronteira.com.br\/index.php\/wp-json\/wp\/v2\/comments?post=34476"}],"version-history":[{"count":1,"href":"https:\/\/acontecenafronteira.com.br\/index.php\/wp-json\/wp\/v2\/posts\/34476\/revisions"}],"predecessor-version":[{"id":34481,"href":"https:\/\/acontecenafronteira.com.br\/index.php\/wp-json\/wp\/v2\/posts\/34476\/revisions\/34481"}],"wp:featuredmedia":[{"embeddable":true,"href":"https:\/\/acontecenafronteira.com.br\/index.php\/wp-json\/wp\/v2\/media\/34482"}],"wp:attachment":[{"href":"https:\/\/acontecenafronteira.com.br\/index.php\/wp-json\/wp\/v2\/media?parent=34476"}],"wp:term":[{"taxonomy":"category","embeddable":true,"href":"https:\/\/acontecenafronteira.com.br\/index.php\/wp-json\/wp\/v2\/categories?post=34476"},{"taxonomy":"post_tag","embeddable":true,"href":"https:\/\/acontecenafronteira.com.br\/index.php\/wp-json\/wp\/v2\/tags?post=34476"}],"curies":[{"name":"wp","href":"https:\/\/api.w.org\/{rel}","templated":true}]}}