{"id":34469,"date":"2026-09-03T11:37:46","date_gmt":"2026-09-03T14:37:46","guid":{"rendered":"https:\/\/acontecenafronteira.com.br\/?p=34469"},"modified":"2026-09-03T11:37:46","modified_gmt":"2026-09-03T14:37:46","slug":"rock-in-rio-lota-hoteis-do-rio-copacabana-lidera-busca","status":"publish","type":"post","link":"https:\/\/acontecenafronteira.com.br\/index.php\/2026\/09\/03\/rock-in-rio-lota-hoteis-do-rio-copacabana-lidera-busca\/","title":{"rendered":"Rock in Rio lota hot\u00e9is do Rio: Copacabana lidera busca"},"content":{"rendered":"<p>A Zona Sul da capital fluminense j\u00e1 sente o impacto econ\u00f4mico e tur\u00edstico do in\u00edcio do festival de m\u00fasica. Os bairros de Copacabana e Leme registraram a marca de 85,4% de ocupa\u00e7\u00e3o hoteleira para a abertura dos shows, que acontecem a partir desta sexta-feira. No total, a cidade maravilhosa contabiliza 77,6% de seus leitos reservados entre sexta-feira e segunda-feira, conforme levantamento divulgado pelo Hot\u00e9isRIO. A programa\u00e7\u00e3o do evento musical ocorre nos dias 4, 5, 6, 7, 11, 12 e 13 de setembro.<\/p>\n<h2>Feriado prolongado impulsiona o turismo<\/h2>\n<p>O <b>feriado prolongado<\/b> do Dia da Independ\u00eancia, celebrado nesta segunda-feira, atrai ainda mais visitantes para a capital carioca. A grade de atra\u00e7\u00f5es principais traz nomes de peso da m\u00fasica internacional: Foo Fighters se apresenta em 4 de setembro, Avenged Sevenfold no dia 5, Calvin Harris no dia 6 e Elton John no encerramento do primeiro fim de semana, em 7 de setembro. Vale destacar que as apresenta\u00e7\u00f5es dos dias 6 e 7 j\u00e1 est\u00e3o com os ingressos esgotados.<\/p>\n<h2>Ipanema e Leblon disputam prefer\u00eancia<\/h2>\n<p>Logo atr\u00e1s dos l\u00edderes da Zona Sul, a regi\u00e3o de Ipanema e Leblon alcan\u00e7a 85,2% dos quartos reservados. Outras \u00e1reas da metr\u00f3pole tamb\u00e9m registram forte movimenta\u00e7\u00e3o tur\u00edstica, com taxas superiores a 70% de ocupa\u00e7\u00e3o em bairros como Gl\u00f3ria, Botafogo, Barra da Tijuca, Recreio e S\u00e3o Conrado. O Centro do Rio tamb\u00e9m apresenta alta procura, ultrapassando a marca de 50% de acomoda\u00e7\u00f5es preenchidas pelos visitantes.<\/p>\n<h2>Expectativa para a segunda semana de shows<\/h2>\n<p>Para o segundo e \u00faltimo per\u00edodo do evento, programado entre 11 e 13 de setembro, a prefer\u00eancia do p\u00fablico muda ligeiramente. Ipanema e Leblon assumem a lideran\u00e7a com 83,1% de quartos ocupados, enquanto Leme e Copacabana aparecem em seguida com 71,32%. A regi\u00e3o da Barra da Tijuca, Recreio e S\u00e3o Conrado marca 67,97%, e o eixo Gl\u00f3ria, Botafogo e Centro varia entre 40% e 60%. A m\u00e9dia geral de ocupa\u00e7\u00e3o na cidade para este segundo momento est\u00e1 calculada em 65,41%.<\/p>\n<p>O setor hoteleiro mant\u00e9m perspectivas otimistas para os pr\u00f3ximos dias, impulsionado pelas reservas de \u00faltima hora. A expectativa \u00e9 igualar os patamares da edi\u00e7\u00e3o anterior, realizada em 2024, quando o \u00edndice m\u00e9dio de ocupa\u00e7\u00e3o atingiu 88%, registrando picos superiores a 90% ao longo do festival, segundo avalia\u00e7\u00e3o da entidade hoteleira carioca.<\/p>\n<p>Por Reda\u00e7\u00e3o Acontece<\/p>\n<p>Foto: Divulga\u00e7\u00e3o \/ Riotur<\/p>\n","protected":false},"excerpt":{"rendered":"<p>A Zona Sul da capital fluminense j\u00e1 sente o impacto econ\u00f4mico e tur\u00edstico do in\u00edcio do festival de m\u00fasica. Os bairros de Copacabana e Leme registraram a marca de 85,4% de ocupa\u00e7\u00e3o hoteleira para a abertura dos shows, que acontecem a partir desta sexta-feira. No total, a cidade maravilhosa contabiliza 77,6% de seus leitos reservados [&hellip;]<\/p>\n","protected":false},"author":0,"featured_media":34474,"comment_status":"open","ping_status":"open","sticky":false,"template":"","format":"standard","meta":{"footnotes":""},"categories":[28],"tags":[],"class_list":["post-34469","post","type-post","status-publish","format-standard","has-post-thumbnail","hentry","category-mundo"],"_links":{"self":[{"href":"https:\/\/acontecenafronteira.com.br\/index.php\/wp-json\/wp\/v2\/posts\/34469","targetHints":{"allow":["GET"]}}],"collection":[{"href":"https:\/\/acontecenafronteira.com.br\/index.php\/wp-json\/wp\/v2\/posts"}],"about":[{"href":"https:\/\/acontecenafronteira.com.br\/index.php\/wp-json\/wp\/v2\/types\/post"}],"replies":[{"embeddable":true,"href":"https:\/\/acontecenafronteira.com.br\/index.php\/wp-json\/wp\/v2\/comments?post=34469"}],"version-history":[{"count":1,"href":"https:\/\/acontecenafronteira.com.br\/index.php\/wp-json\/wp\/v2\/posts\/34469\/revisions"}],"predecessor-version":[{"id":34473,"href":"https:\/\/acontecenafronteira.com.br\/index.php\/wp-json\/wp\/v2\/posts\/34469\/revisions\/34473"}],"wp:featuredmedia":[{"embeddable":true,"href":"https:\/\/acontecenafronteira.com.br\/index.php\/wp-json\/wp\/v2\/media\/34474"}],"wp:attachment":[{"href":"https:\/\/acontecenafronteira.com.br\/index.php\/wp-json\/wp\/v2\/media?parent=34469"}],"wp:term":[{"taxonomy":"category","embeddable":true,"href":"https:\/\/acontecenafronteira.com.br\/index.php\/wp-json\/wp\/v2\/categories?post=34469"},{"taxonomy":"post_tag","embeddable":true,"href":"https:\/\/acontecenafronteira.com.br\/index.php\/wp-json\/wp\/v2\/tags?post=34469"}],"curies":[{"name":"wp","href":"https:\/\/api.w.org\/{rel}","templated":true}]}}